{"id":32596,"date":"2024-04-03T13:31:48","date_gmt":"2024-04-03T18:31:48","guid":{"rendered":"https:\/\/solidaridadnews.com\/?p=32596"},"modified":"2024-04-03T18:31:50","modified_gmt":"2024-04-03T18:31:50","slug":"greys-anatomy-confirma-temporada-21","status":"publish","type":"post","link":"https:\/\/solidaridadnews.com\/?p=32596","title":{"rendered":"Grey&#8217;s Anatomy confirma temporada 21"},"content":{"rendered":"<p>Grey&#8217;s Anatomy es una de las series que m\u00e1s tiempo se ha mantenido al aire, desde su primer episodio que fue emitido el 27 de marzo de 2005, la serie creada por Shonda Rhimes no ha parado y este martes anunci\u00f3 que llegar\u00e1 la temporada 21, la cual dar\u00e1 continuidad al drama de doctores en el Hospital Grey-Sloan Memorial.<\/p>\n<p>Cabe recordar que Grey&#8217;s Anatomy mantiene el r\u00e9cord de la serie como el drama m\u00e9dico en horario estelar de mayor duraci\u00f3n en la historia de la televisi\u00f3n, por lo que a lo largo de las temporadas han llegado, pero tambi\u00e9n se han ido diversos personajes ic\u00f3nicos.<\/p>\n<p>&nbsp;<\/p>\n<p>\u00bfD\u00f3nde se estrenar\u00e1 la temporada 21 de Grey&#8217;s Anatomy?<br \/>\nEste martes, se dio a conocer a trav\u00e9s de las redes sociales de ABC y Grey&#8217;s Anatomy que la serie regresar\u00e1 con su temporada 21, un anuncio que gener\u00f3 diversas reacciones.<\/p>\n<p>Y es que aunque a\u00fan no hay fecha de estreno, se sabe que se transmitir\u00e1 a trav\u00e9s de ABC, pero eventualmente llegar\u00e1 a M\u00e9xico a trav\u00e9s de Star+.<\/p>\n<p>Aunque a algunos usuarios les caus\u00f3 emoci\u00f3n la nueva temporada de la serie protagonizada, ahora, por Chandra Wilson luego de la salida de Ellen Pompeo, a muchos otros no les gust\u00f3, especialmente porque cancelaron el spin-off Station 19 y dejaron comentarios como:<\/p>\n<p>\u00abTodos est\u00e1n cancelando la Station19 pero Greys va a estar hasta que muera \u00a1Me encanta el programa pero necesitamos personajes viejos para que regresen!\u00bb<br \/>\n\u00abLa amamos, pero ya no la queremos\u00bb<br \/>\n\u00abNunca pedimos esto, no queremos. Ya tuvimos suficiente con aburrida Anatomy\u00bb<br \/>\n\u00abAmo este programa, pero ya fue suficiente \u00bfqu\u00e9 pasa con Station 19?<br \/>\nNueva temporada de Grey&#8217;s Anatomy<br \/>\nY es que la molestia de los fans radica en que desde hace varias temporadas atr\u00e1s, han tenido que salir actores y actrices con los cuales, el p\u00fablico ya se hab\u00eda encari\u00f1ado.<\/p>\n<p>Cabe recordar que en la temporada 20, la cual no se ha estrenado en M\u00e9xico, la producci\u00f3n tuvo como invitada especial a la actriz Jessica Capshaw, quien le dio vida a Arizona Robbins, uno de los mejores momentos de la m\u00e1s reciente temporada.<\/p>\n","protected":false},"excerpt":{"rendered":"<p>Grey&#8217;s Anatomy es una de las series que m\u00e1s tiempo se ha mantenido al aire, desde su primer episodio que fue emitido el 27 de marzo de 2005, la serie creada por Shonda Rhimes no ha parado y este martes anunci\u00f3 que llegar\u00e1 la temporada 21, la cual dar\u00e1 continuidad al drama de doctores en [&hellip;]<\/p>\n","protected":false},"author":1,"featured_media":32598,"comment_status":"open","ping_status":"closed","sticky":false,"template":"","format":"standard","meta":{"footnotes":""},"categories":[3],"tags":[],"class_list":["post-32596","post","type-post","status-publish","format-standard","has-post-thumbnail","hentry","category-espectaculos"],"_links":{"self":[{"href":"https:\/\/solidaridadnews.com\/index.php?rest_route=\/wp\/v2\/posts\/32596","targetHints":{"allow":["GET"]}}],"collection":[{"href":"https:\/\/solidaridadnews.com\/index.php?rest_route=\/wp\/v2\/posts"}],"about":[{"href":"https:\/\/solidaridadnews.com\/index.php?rest_route=\/wp\/v2\/types\/post"}],"author":[{"embeddable":true,"href":"https:\/\/solidaridadnews.com\/index.php?rest_route=\/wp\/v2\/users\/1"}],"replies":[{"embeddable":true,"href":"https:\/\/solidaridadnews.com\/index.php?rest_route=%2Fwp%2Fv2%2Fcomments&post=32596"}],"version-history":[{"count":1,"href":"https:\/\/solidaridadnews.com\/index.php?rest_route=\/wp\/v2\/posts\/32596\/revisions"}],"predecessor-version":[{"id":32597,"href":"https:\/\/solidaridadnews.com\/index.php?rest_route=\/wp\/v2\/posts\/32596\/revisions\/32597"}],"wp:featuredmedia":[{"embeddable":true,"href":"https:\/\/solidaridadnews.com\/index.php?rest_route=\/wp\/v2\/media\/32598"}],"wp:attachment":[{"href":"https:\/\/solidaridadnews.com\/index.php?rest_route=%2Fwp%2Fv2%2Fmedia&parent=32596"}],"wp:term":[{"taxonomy":"category","embeddable":true,"href":"https:\/\/solidaridadnews.com\/index.php?rest_route=%2Fwp%2Fv2%2Fcategories&post=32596"},{"taxonomy":"post_tag","embeddable":true,"href":"https:\/\/solidaridadnews.com\/index.php?rest_route=%2Fwp%2Fv2%2Ftags&post=32596"}],"curies":[{"name":"wp","href":"https:\/\/api.w.org\/{rel}","templated":true}]}}