{"id":32576,"date":"2024-04-02T11:58:31","date_gmt":"2024-04-02T16:58:31","guid":{"rendered":"https:\/\/solidaridadnews.com\/?p=32576"},"modified":"2024-04-02T16:58:32","modified_gmt":"2024-04-02T16:58:32","slug":"shannen-doherty-conmueve-al-revelar-que-esta-preparada-para-morir","status":"publish","type":"post","link":"https:\/\/solidaridadnews.com\/?p=32576","title":{"rendered":"Shannen Doherty conmueve al revelar que est\u00e1 preparada para morir"},"content":{"rendered":"<p>Shannen Doherty, quien desde hace unos a\u00f1os lucha con el c\u00e1ncer de mama que ahora se encuentra en etapa 4 y que incluso ya se extendi\u00f3 a su cerebro, revel\u00f3 que ya est\u00e1 prepar\u00e1ndose para su muerte y est\u00e1 dejando que todo fluya.<\/p>\n<p>La exestrella de \u201cBeverly Hills, 90210\u201d, se sincer\u00f3 sobre su futuro y la enfermedad que poco a poco la ha ido debilitando y asegur\u00f3 que ya inici\u00f3 una \u201climpieza\u201d en su casa para facilitar una \u201ctransici\u00f3n\u201d para su madre, Rosa, cuando muera.<\/p>\n<p>\u00abMi prioridad en este momento es mi mam\u00e1. S\u00e9 que ser\u00e1 dif\u00edcil para ella si yo muero antes que ella. Como va a ser muy dif\u00edcil para ella, quiero que otras cosas sean mucho m\u00e1s f\u00e1ciles. No quiero que ella tenga un mont\u00f3n de cosas con las que lidiar\u201d, dijo la actriz durante el episodio del lunes de su podcast \u00abLet&#8217;s Be Clear\u00bb.<\/p>\n<p>Doherty, de 52 a\u00f1os, explic\u00f3 que comenz\u00f3 a revisar sus pertenencias para donar o vender antig\u00fcedades y otros art\u00edculos que hab\u00eda coleccionado a lo largo de los a\u00f1os \u00abpor si acaso\u00bb le pasara algo.<\/p>\n<p>La actriz recientemente hizo un viaje al sur a su casa en Tennessee para empacar sus pertenencias despu\u00e9s de que decidi\u00f3 dejar de lado su sue\u00f1o de vivir en la propiedad y criar caballos.<\/p>\n<p>\u201cEst\u00e1bamos en Tennessee y estaba empacando uno de los lugares all\u00ed. Fue realmente dif\u00edcil y muy emotivo porque, hasta cierto punto, sent\u00ed que estaba renunciando a este sue\u00f1o de construir esta propiedad, construir una casa para m\u00ed y una casa para mi mam\u00e1 y luego ampliar el granero\u201d, expres\u00f3.<\/p>\n<p>Una semana despu\u00e9s, Doherty regres\u00f3 a la casa para empacar todas sus cosas en un cami\u00f3n y llevarlas de regres\u00f3 a California.<\/p>\n<p>La actriz asegur\u00f3 que, a lo largo del proceso ha aprendido que sus pertenencias no le traen tanta alegr\u00eda como crear recuerdos con su madre y sus seres queridos, y explic\u00f3 que ahora se est\u00e1 enfocando en llevar a su mam\u00e1 de vacaciones con el dinero extra que tiene.<\/p>\n<p>Doherty ha sido abierta con sus fans sobre su lucha contra el c\u00e1ncer desde que le diagnosticaron c\u00e1ncer de mama por primera vez en 2015, y aunque entr\u00f3 en remisi\u00f3n en 2017, la enfermedad regres\u00f3 dos a\u00f1os despu\u00e9s, en etapa 4.<\/p>\n<p>La actriz dio una actualizaci\u00f3n sobre su salud el a\u00f1o pasado, revelando que su c\u00e1ncer se extendi\u00f3 a su cerebro y luego a sus huesos.<\/p>\n<p>&nbsp;<\/p>\n","protected":false},"excerpt":{"rendered":"<p>Shannen Doherty, quien desde hace unos a\u00f1os lucha con el c\u00e1ncer de mama que ahora se encuentra en etapa 4 y que incluso ya se extendi\u00f3 a su cerebro, revel\u00f3 que ya est\u00e1 prepar\u00e1ndose para su muerte y est\u00e1 dejando que todo fluya. La exestrella de \u201cBeverly Hills, 90210\u201d, se sincer\u00f3 sobre su futuro y [&hellip;]<\/p>\n","protected":false},"author":1,"featured_media":32578,"comment_status":"open","ping_status":"closed","sticky":false,"template":"","format":"standard","meta":{"footnotes":""},"categories":[3],"tags":[],"class_list":["post-32576","post","type-post","status-publish","format-standard","has-post-thumbnail","hentry","category-espectaculos"],"_links":{"self":[{"href":"https:\/\/solidaridadnews.com\/index.php?rest_route=\/wp\/v2\/posts\/32576","targetHints":{"allow":["GET"]}}],"collection":[{"href":"https:\/\/solidaridadnews.com\/index.php?rest_route=\/wp\/v2\/posts"}],"about":[{"href":"https:\/\/solidaridadnews.com\/index.php?rest_route=\/wp\/v2\/types\/post"}],"author":[{"embeddable":true,"href":"https:\/\/solidaridadnews.com\/index.php?rest_route=\/wp\/v2\/users\/1"}],"replies":[{"embeddable":true,"href":"https:\/\/solidaridadnews.com\/index.php?rest_route=%2Fwp%2Fv2%2Fcomments&post=32576"}],"version-history":[{"count":1,"href":"https:\/\/solidaridadnews.com\/index.php?rest_route=\/wp\/v2\/posts\/32576\/revisions"}],"predecessor-version":[{"id":32577,"href":"https:\/\/solidaridadnews.com\/index.php?rest_route=\/wp\/v2\/posts\/32576\/revisions\/32577"}],"wp:featuredmedia":[{"embeddable":true,"href":"https:\/\/solidaridadnews.com\/index.php?rest_route=\/wp\/v2\/media\/32578"}],"wp:attachment":[{"href":"https:\/\/solidaridadnews.com\/index.php?rest_route=%2Fwp%2Fv2%2Fmedia&parent=32576"}],"wp:term":[{"taxonomy":"category","embeddable":true,"href":"https:\/\/solidaridadnews.com\/index.php?rest_route=%2Fwp%2Fv2%2Fcategories&post=32576"},{"taxonomy":"post_tag","embeddable":true,"href":"https:\/\/solidaridadnews.com\/index.php?rest_route=%2Fwp%2Fv2%2Ftags&post=32576"}],"curies":[{"name":"wp","href":"https:\/\/api.w.org\/{rel}","templated":true}]}}