{"id":32539,"date":"2024-03-31T18:22:24","date_gmt":"2024-03-31T23:22:24","guid":{"rendered":"https:\/\/solidaridadnews.com\/?p=32539"},"modified":"2024-03-31T23:22:25","modified_gmt":"2024-03-31T23:22:25","slug":"solicitan-a-semarnat-informe-sobre-acciones-para-combatir-incendios-forestales-en-el-pais","status":"publish","type":"post","link":"https:\/\/solidaridadnews.com\/?p=32539","title":{"rendered":"Solicitan a Semarnat informe sobre acciones para combatir incendios forestales en el pa\u00eds"},"content":{"rendered":"<p>La senadora Cecilia Margarita S\u00e1nchez Garc\u00eda (PRI) solicit\u00f3 que la Secretar\u00eda de Medio Ambiente y Recursos Naturales (Semarnat) informe sobre las acciones que lleva a cabo para prevenir, reducir y controlar incendios forestales, atribuibles a actividades humanas en toda la Rep\u00fablica Mexicana.<\/p>\n<p>En un punto de acuerdo se\u00f1al\u00f3 que dichas actividades son relevantes por las altas temperaturas que se registran en el pa\u00eds, al igual que las sequ\u00edas que afectan a presas, r\u00edos, lagos y arroyos.<\/p>\n<p>\u201cEl fuego causado en forma natural, accidental o intencional consume los combustibles naturales como hojas y ramas secas situados en el nivel inferior de bosques y selvas; sin embargo, las llamas pueden quemar los troncos y las ramas secas de arbustos y \u00e1rboles, convirti\u00e9ndose en un incendio de gran dimensi\u00f3n\u201d, dijo la senadora.<\/p>\n<p>Tambi\u00e9n porque el Servicio Meteorol\u00f3gico Nacional (SMN) apunt\u00f3 que el riesgo de incendios forestales, por las condiciones meteorol\u00f3gicas, es \u201cmuy alto\u201d en Estado de M\u00e9xico, Tlaxcala, Morelos y Ciudad de M\u00e9xico; con un nivel \u201calto\u201d en Coahuila, Durango, San Luis Potos\u00ed, Jalisco, Michoac\u00e1n y Veracruz; mientras que, en el Norte, Noreste, Occidente, Centro y Sur del pa\u00eds el riesgo es \u201cmedio\u201d.<\/p>\n<p>Entre el 1 de enero y el 14 de marzo de este a\u00f1o, se registraron 611 incendios forestales en 23 entidades federativas de M\u00e9xico, lo que afect\u00f3 una superficie de m\u00e1s de 18 mil 500 hect\u00e1reas, refiere el documento.<\/p>\n<p>Al respecto, S\u00e1nchez Garc\u00eda precis\u00f3 que, a veces, los incendios se inician por alguna actividad relacionada con los seres humanos, como las fogatas que no se apagan correctamente, las quemas agropecuarias, que habitualmente se realizan entre enero y mayo, o las de basureros que no tienen un control o no son supervisadas de manera adecuada.<\/p>\n<p>Tambi\u00e9n pueden iniciarse por vidrios rotos que funcionan como lupas sobre el pasto o la hierba seca, lo que provoca que se enciendan e, incluso, pueden ser de origen natural, por la ca\u00edda de un rayo en un \u00e1rbol, la chispa generada por la ca\u00edda de algunas rocas o por el material incandescente que se libera por alguna erupci\u00f3n volc\u00e1nica.<\/p>\n","protected":false},"excerpt":{"rendered":"<p>La senadora Cecilia Margarita S\u00e1nchez Garc\u00eda (PRI) solicit\u00f3 que la Secretar\u00eda de Medio Ambiente y Recursos Naturales (Semarnat) informe sobre las acciones que lleva a cabo para prevenir, reducir y controlar incendios forestales, atribuibles a actividades humanas en toda la Rep\u00fablica Mexicana. En un punto de acuerdo se\u00f1al\u00f3 que dichas actividades son relevantes por las [&hellip;]<\/p>\n","protected":false},"author":1,"featured_media":32541,"comment_status":"open","ping_status":"closed","sticky":false,"template":"","format":"standard","meta":{"footnotes":""},"categories":[2],"tags":[],"class_list":["post-32539","post","type-post","status-publish","format-standard","has-post-thumbnail","hentry","category-nacional"],"_links":{"self":[{"href":"https:\/\/solidaridadnews.com\/index.php?rest_route=\/wp\/v2\/posts\/32539","targetHints":{"allow":["GET"]}}],"collection":[{"href":"https:\/\/solidaridadnews.com\/index.php?rest_route=\/wp\/v2\/posts"}],"about":[{"href":"https:\/\/solidaridadnews.com\/index.php?rest_route=\/wp\/v2\/types\/post"}],"author":[{"embeddable":true,"href":"https:\/\/solidaridadnews.com\/index.php?rest_route=\/wp\/v2\/users\/1"}],"replies":[{"embeddable":true,"href":"https:\/\/solidaridadnews.com\/index.php?rest_route=%2Fwp%2Fv2%2Fcomments&post=32539"}],"version-history":[{"count":1,"href":"https:\/\/solidaridadnews.com\/index.php?rest_route=\/wp\/v2\/posts\/32539\/revisions"}],"predecessor-version":[{"id":32540,"href":"https:\/\/solidaridadnews.com\/index.php?rest_route=\/wp\/v2\/posts\/32539\/revisions\/32540"}],"wp:featuredmedia":[{"embeddable":true,"href":"https:\/\/solidaridadnews.com\/index.php?rest_route=\/wp\/v2\/media\/32541"}],"wp:attachment":[{"href":"https:\/\/solidaridadnews.com\/index.php?rest_route=%2Fwp%2Fv2%2Fmedia&parent=32539"}],"wp:term":[{"taxonomy":"category","embeddable":true,"href":"https:\/\/solidaridadnews.com\/index.php?rest_route=%2Fwp%2Fv2%2Fcategories&post=32539"},{"taxonomy":"post_tag","embeddable":true,"href":"https:\/\/solidaridadnews.com\/index.php?rest_route=%2Fwp%2Fv2%2Ftags&post=32539"}],"curies":[{"name":"wp","href":"https:\/\/api.w.org\/{rel}","templated":true}]}}