{"id":32533,"date":"2024-03-31T17:45:46","date_gmt":"2024-03-31T22:45:46","guid":{"rendered":"https:\/\/solidaridadnews.com\/?p=32533"},"modified":"2024-03-31T22:45:47","modified_gmt":"2024-03-31T22:45:47","slug":"luiz-felipe-scolari-no-es-buscado-por-la-seleccion-mexicana","status":"publish","type":"post","link":"https:\/\/solidaridadnews.com\/?p=32533","title":{"rendered":"Luiz Felipe Scolari no es buscado por la Selecci\u00f3n Mexicana"},"content":{"rendered":"<p>Luego del fracaso de la Selecci\u00f3n Mexicana en la Nations League, donde se perdi\u00f3 la Final una vez m\u00e1s contra Estados Unidos, el tema del banquillo tricolor est\u00e1 m\u00e1s caliente que nunca, pues empezaron a sonar rumores sobre un posible cambio en la direcci\u00f3n t\u00e9cnica, inclusive medios brasile\u00f1os colocaban a Luiz Felipe Scolari como el remplazo de Jaime Lozano de cara a la Copa Am\u00e9rica, pero esta informaci\u00f3n es falsa.<\/p>\n<p>El rumor surgi\u00f3 directamente desde Brasil y fue el periodista Guto Lopes qui\u00e9n mencion\u00f3 en Radio Grenal que el entrenador que hizo campe\u00f3n del mundo a la verdeamarela en el a\u00f1o 2002 era el elegido para ser nuevo entrenador de M\u00e9xico, por lo que distintos medios comenzaron a dar eco a la noticia sobre un posible cambio en la direcci\u00f3n t\u00e9cnica de la Selecci\u00f3n Mexicana.<\/p>\n<p>De acuerdo con Ren\u00e9 Tovar, colaborador de R\u00c9CORD+, Luiz Felipe Scolari no est\u00e1 en el radar para convertirse en el DT de M\u00e9xico, pues en estos momentos la Federaci\u00f3n Mexicana de Futbol no se encuentra en la b\u00fasqueda de entrenador, por lo que Jaime Lozano se mantendr\u00e1 en el banquillo para dirigir al combinado nacional en la Copa Am\u00e9rica.<\/p>\n<p>La confianza en Jaime Lozano es total, tanto en los altos mandos como dentro del vestidor tricolor, por lo que no est\u00e1 en planes dar un bandazo m\u00e1s en este proceso como ya sucedi\u00f3 con Diego Cocca y el plan es ver a Jimmy dirigiendo a M\u00e9xico en el Estadio Azteca el pr\u00f3ximo 11 de junio en la inauguraci\u00f3n de la Copa del Mundo.<\/p>\n","protected":false},"excerpt":{"rendered":"<p>Luego del fracaso de la Selecci\u00f3n Mexicana en la Nations League, donde se perdi\u00f3 la Final una vez m\u00e1s contra Estados Unidos, el tema del banquillo tricolor est\u00e1 m\u00e1s caliente que nunca, pues empezaron a sonar rumores sobre un posible cambio en la direcci\u00f3n t\u00e9cnica, inclusive medios brasile\u00f1os colocaban a Luiz Felipe Scolari como el [&hellip;]<\/p>\n","protected":false},"author":1,"featured_media":32535,"comment_status":"open","ping_status":"closed","sticky":false,"template":"","format":"standard","meta":{"footnotes":""},"categories":[6],"tags":[],"class_list":["post-32533","post","type-post","status-publish","format-standard","has-post-thumbnail","hentry","category-deportes"],"_links":{"self":[{"href":"https:\/\/solidaridadnews.com\/index.php?rest_route=\/wp\/v2\/posts\/32533","targetHints":{"allow":["GET"]}}],"collection":[{"href":"https:\/\/solidaridadnews.com\/index.php?rest_route=\/wp\/v2\/posts"}],"about":[{"href":"https:\/\/solidaridadnews.com\/index.php?rest_route=\/wp\/v2\/types\/post"}],"author":[{"embeddable":true,"href":"https:\/\/solidaridadnews.com\/index.php?rest_route=\/wp\/v2\/users\/1"}],"replies":[{"embeddable":true,"href":"https:\/\/solidaridadnews.com\/index.php?rest_route=%2Fwp%2Fv2%2Fcomments&post=32533"}],"version-history":[{"count":1,"href":"https:\/\/solidaridadnews.com\/index.php?rest_route=\/wp\/v2\/posts\/32533\/revisions"}],"predecessor-version":[{"id":32534,"href":"https:\/\/solidaridadnews.com\/index.php?rest_route=\/wp\/v2\/posts\/32533\/revisions\/32534"}],"wp:featuredmedia":[{"embeddable":true,"href":"https:\/\/solidaridadnews.com\/index.php?rest_route=\/wp\/v2\/media\/32535"}],"wp:attachment":[{"href":"https:\/\/solidaridadnews.com\/index.php?rest_route=%2Fwp%2Fv2%2Fmedia&parent=32533"}],"wp:term":[{"taxonomy":"category","embeddable":true,"href":"https:\/\/solidaridadnews.com\/index.php?rest_route=%2Fwp%2Fv2%2Fcategories&post=32533"},{"taxonomy":"post_tag","embeddable":true,"href":"https:\/\/solidaridadnews.com\/index.php?rest_route=%2Fwp%2Fv2%2Ftags&post=32533"}],"curies":[{"name":"wp","href":"https:\/\/api.w.org\/{rel}","templated":true}]}}