{"id":32521,"date":"2024-03-30T14:22:25","date_gmt":"2024-03-30T19:22:25","guid":{"rendered":"https:\/\/solidaridadnews.com\/?p=32521"},"modified":"2024-03-30T19:22:26","modified_gmt":"2024-03-30T19:22:26","slug":"capacitaran-a-personal-en-rescates","status":"publish","type":"post","link":"https:\/\/solidaridadnews.com\/?p=32521","title":{"rendered":"Capacitar\u00e1n a personal en rescates"},"content":{"rendered":"<p>Elementos de Protecci\u00f3n Civil y de Bomberos de Solidaridad estar\u00e1n recibiendo una capacitaci\u00f3n por parte de sus hom\u00f3logos del municipio de Tijuana, Baja California, sobre actuaci\u00f3n en estructuras colapsadas.<\/p>\n<p>Jorge V\u00e1squez Oropeza, secretario de Protecci\u00f3n Civil en Solidaridad, inform\u00f3 que m\u00e1s all\u00e1 del tema espec\u00edfico del descarrilamiento de trenes, esta capacitaci\u00f3n abarca en general el tema de las estructuras colapsadas, as\u00ed como tambi\u00e9n b\u00fasqueda y rescate en zonas cavernosas.<\/p>\n<p>Elementos ya cuentan con capacitaci\u00f3n en este sentido, sin embargo, se les estar\u00e1 actualizando con este intercambio de experiencias con el estado del norte del pa\u00eds.<\/p>\n<p>Explic\u00f3 que, de igual manera, se contempla un intercambio en el cual elementos de Protecci\u00f3n Civil pertenecientes al \u00e1rea de Guardavidas puedan acudir a Tijuana para intercambiar experiencias con respecto a la labor de rescate en las playas, entre otros temas.<\/p>\n<p>Y es que no solamente se trata en espec\u00edfico de esta capacitaci\u00f3n, explic\u00f3 V\u00e1zquez Oropeza, sino de establecer ya un acuerdo constante de colaboraci\u00f3n e intercambio de conocimiento entre estas dos ciudades.<\/p>\n<p>De hecho, en esta reuni\u00f3n que deriv\u00f3 en esta coordinaci\u00f3n tambi\u00e9n se ha establecido ya lazos con Guadalajara, inclusive con San Diego en los Estados unidos, a las cuales ya se les ha invitado para que vengan a Playa del Carmen y aunque no hay una fecha determinada, se est\u00e1 proyectando que esta visita se realice durante el mes de agosto.<\/p>\n","protected":false},"excerpt":{"rendered":"<p>Elementos de Protecci\u00f3n Civil y de Bomberos de Solidaridad estar\u00e1n recibiendo una capacitaci\u00f3n por parte de sus hom\u00f3logos del municipio de Tijuana, Baja California, sobre actuaci\u00f3n en estructuras colapsadas. Jorge V\u00e1squez Oropeza, secretario de Protecci\u00f3n Civil en Solidaridad, inform\u00f3 que m\u00e1s all\u00e1 del tema espec\u00edfico del descarrilamiento de trenes, esta capacitaci\u00f3n abarca en general el [&hellip;]<\/p>\n","protected":false},"author":1,"featured_media":32523,"comment_status":"open","ping_status":"closed","sticky":false,"template":"","format":"standard","meta":{"footnotes":""},"categories":[4],"tags":[],"class_list":["post-32521","post","type-post","status-publish","format-standard","has-post-thumbnail","hentry","category-local"],"_links":{"self":[{"href":"https:\/\/solidaridadnews.com\/index.php?rest_route=\/wp\/v2\/posts\/32521","targetHints":{"allow":["GET"]}}],"collection":[{"href":"https:\/\/solidaridadnews.com\/index.php?rest_route=\/wp\/v2\/posts"}],"about":[{"href":"https:\/\/solidaridadnews.com\/index.php?rest_route=\/wp\/v2\/types\/post"}],"author":[{"embeddable":true,"href":"https:\/\/solidaridadnews.com\/index.php?rest_route=\/wp\/v2\/users\/1"}],"replies":[{"embeddable":true,"href":"https:\/\/solidaridadnews.com\/index.php?rest_route=%2Fwp%2Fv2%2Fcomments&post=32521"}],"version-history":[{"count":1,"href":"https:\/\/solidaridadnews.com\/index.php?rest_route=\/wp\/v2\/posts\/32521\/revisions"}],"predecessor-version":[{"id":32522,"href":"https:\/\/solidaridadnews.com\/index.php?rest_route=\/wp\/v2\/posts\/32521\/revisions\/32522"}],"wp:featuredmedia":[{"embeddable":true,"href":"https:\/\/solidaridadnews.com\/index.php?rest_route=\/wp\/v2\/media\/32523"}],"wp:attachment":[{"href":"https:\/\/solidaridadnews.com\/index.php?rest_route=%2Fwp%2Fv2%2Fmedia&parent=32521"}],"wp:term":[{"taxonomy":"category","embeddable":true,"href":"https:\/\/solidaridadnews.com\/index.php?rest_route=%2Fwp%2Fv2%2Fcategories&post=32521"},{"taxonomy":"post_tag","embeddable":true,"href":"https:\/\/solidaridadnews.com\/index.php?rest_route=%2Fwp%2Fv2%2Ftags&post=32521"}],"curies":[{"name":"wp","href":"https:\/\/api.w.org\/{rel}","templated":true}]}}