{"id":32518,"date":"2024-03-30T14:04:18","date_gmt":"2024-03-30T19:04:18","guid":{"rendered":"https:\/\/solidaridadnews.com\/?p=32518"},"modified":"2024-03-30T19:04:19","modified_gmt":"2024-03-30T19:04:19","slug":"buscan-endurecer-penas-por-usar-armas-de-juguete","status":"publish","type":"post","link":"https:\/\/solidaridadnews.com\/?p=32518","title":{"rendered":"Buscan endurecer penas por usar armas de juguete"},"content":{"rendered":"<p>El Partido Verde Ecologista de M\u00e9xico (PVEM) propuso otorgar una pena de uno a seis a\u00f1os de prisi\u00f3n o una multa de 500 a mil veces el valor diario de la Unidad de Medida y Actualizaci\u00f3n (UMA) a quien porte, fabrique, importe, venda o acopie sin un fin l\u00edcito o con la intenci\u00f3n de agredir, r\u00e9plicas que tengan la forma, apariencia o configuraci\u00f3n de un arma de fuego o explosivos.<\/p>\n<p>La diputada Kenia del Refugio Hern\u00e1ndez Guerrero, de la bancada verde fue quien impuls\u00f3 dicha iniciativa, turnada a la Comisi\u00f3n de Justicia de la C\u00e1mara Baja para dictamen, que reforma el art\u00edculo 160 del C\u00f3digo Penal Federal, con el objetivo de combatir el uso de armas r\u00e9plica para cometer delitos en el pa\u00eds y proteger a la ciudadan\u00eda de la inseguridad y la violencia.<\/p>\n<p>La legisladora afirm\u00f3 que este delito, al parecer menor, se menosprecia o se aminora, incluso se aten\u00faa cuando se ejecuta, ya que las v\u00edctimas llegan a agradecer que s\u00f3lo qued\u00f3 en el susto y en la p\u00e9rdida de bienes materiales.<\/p>\n<p>Sin embargo, resalt\u00f3 que de acuerdo con el Instituto Nacional de Estad\u00edstica y Geograf\u00eda (Inegi), en 2020 al menos tres de cada cuatro de los robos que se cometieron en el pa\u00eds, se realizaron con el uso de un arma de fuego. De igual manera, se calcula que 50% de los robos en la Ciudad de M\u00e9xico se ejecutan con el uso de un arma r\u00e9plica.<\/p>\n<p>Por ello, asegur\u00f3, no se puede omitir que el uso de r\u00e9plicas de armas ya se convirti\u00f3 en un delito, por lo que se debe prevenir, erradicar y sancionar con todo el peso de la ley, pues su desatenci\u00f3n hace tentadora y f\u00e1cil la incorporaci\u00f3n de los menores a la delincuencia.<\/p>\n<p>Argument\u00f3 que la ausencia de una pena establecida para este delito permite que los menores de edad sean obligados o usados para cometer delitos con armas r\u00e9plica, pues, en caso de ser puestos a disposici\u00f3n de las autoridades, su sanci\u00f3n ser\u00e1 insignificante.<\/p>\n<p>Subray\u00f3 que alrededor de 30 mil ni\u00f1os, ni\u00f1as y adolescentes han sido reclutados por el crimen organizado, donde se les inicia con el acceso a un arma r\u00e9plica.<\/p>\n<p>Apunt\u00f3 que gozan de la laxitud en las leyes quienes venden, fabrican, almacenan o importan, ya que lo \u00fanico espec\u00edfico en la materia es una Norma Oficial Mexicana (NOM), que nadie cumple.<\/p>\n<p>Ante este panorama, Hern\u00e1ndez Guerrero enfatiz\u00f3 en la necesidad de reformar el C\u00f3digo Penal Federal para decomisar las armas y sancionar a quienes utilicen una r\u00e9plica de arma de fuego o explosivo, as\u00ed como a los que las fabriquen, importen, vendan o acopien sin un fin l\u00edcito o con la intenci\u00f3n de agredir.<\/p>\n","protected":false},"excerpt":{"rendered":"<p>El Partido Verde Ecologista de M\u00e9xico (PVEM) propuso otorgar una pena de uno a seis a\u00f1os de prisi\u00f3n o una multa de 500 a mil veces el valor diario de la Unidad de Medida y Actualizaci\u00f3n (UMA) a quien porte, fabrique, importe, venda o acopie sin un fin l\u00edcito o con la intenci\u00f3n de agredir, [&hellip;]<\/p>\n","protected":false},"author":1,"featured_media":32520,"comment_status":"open","ping_status":"closed","sticky":false,"template":"","format":"standard","meta":{"footnotes":""},"categories":[2],"tags":[],"class_list":["post-32518","post","type-post","status-publish","format-standard","has-post-thumbnail","hentry","category-nacional"],"_links":{"self":[{"href":"https:\/\/solidaridadnews.com\/index.php?rest_route=\/wp\/v2\/posts\/32518","targetHints":{"allow":["GET"]}}],"collection":[{"href":"https:\/\/solidaridadnews.com\/index.php?rest_route=\/wp\/v2\/posts"}],"about":[{"href":"https:\/\/solidaridadnews.com\/index.php?rest_route=\/wp\/v2\/types\/post"}],"author":[{"embeddable":true,"href":"https:\/\/solidaridadnews.com\/index.php?rest_route=\/wp\/v2\/users\/1"}],"replies":[{"embeddable":true,"href":"https:\/\/solidaridadnews.com\/index.php?rest_route=%2Fwp%2Fv2%2Fcomments&post=32518"}],"version-history":[{"count":1,"href":"https:\/\/solidaridadnews.com\/index.php?rest_route=\/wp\/v2\/posts\/32518\/revisions"}],"predecessor-version":[{"id":32519,"href":"https:\/\/solidaridadnews.com\/index.php?rest_route=\/wp\/v2\/posts\/32518\/revisions\/32519"}],"wp:featuredmedia":[{"embeddable":true,"href":"https:\/\/solidaridadnews.com\/index.php?rest_route=\/wp\/v2\/media\/32520"}],"wp:attachment":[{"href":"https:\/\/solidaridadnews.com\/index.php?rest_route=%2Fwp%2Fv2%2Fmedia&parent=32518"}],"wp:term":[{"taxonomy":"category","embeddable":true,"href":"https:\/\/solidaridadnews.com\/index.php?rest_route=%2Fwp%2Fv2%2Fcategories&post=32518"},{"taxonomy":"post_tag","embeddable":true,"href":"https:\/\/solidaridadnews.com\/index.php?rest_route=%2Fwp%2Fv2%2Ftags&post=32518"}],"curies":[{"name":"wp","href":"https:\/\/api.w.org\/{rel}","templated":true}]}}