{"id":32515,"date":"2024-03-30T13:47:06","date_gmt":"2024-03-30T18:47:06","guid":{"rendered":"https:\/\/solidaridadnews.com\/?p=32515"},"modified":"2024-03-30T18:47:08","modified_gmt":"2024-03-30T18:47:08","slug":"kendrick-lamar-cancela-de-ultima-hora-su-participacion-en-el-pal-norte","status":"publish","type":"post","link":"https:\/\/solidaridadnews.com\/?p=32515","title":{"rendered":"Kendrick Lamar CANCELA de \u00faltima hora su participaci\u00f3n en el Pa&#8217;l Norte"},"content":{"rendered":"<p>Este viernes fue el primer d\u00eda del festival Pa&#8217;l Norte 2024, todo parec\u00eda marchar excelente, pues hubo grandes presentaciones como las de Belanova y Keane; sin embargo, de \u00faltima hora se anunci\u00f3 de Kendrick Lamar, uno de los principales shows, cancel\u00f3 su presentaci\u00f3n de este viernes.<\/p>\n<p>\u00bfPor qu\u00e9 cancel\u00f3 Kendrick Lamar en el Pa&#8217;l Norte?<br \/>\nA trav\u00e9s de un comunicado, que se public\u00f3 en las redes sociales del festival que se lleva a cabo en el Parque Fundidora en Monterrey, Nuevo Le\u00f3n, se confirm\u00f3 la decisi\u00f3n de cancelar el show de Kendrick Lamar y se explicaron los motivos.<\/p>\n<p>Por problemas log\u00edsticos ajenos a la organizaci\u00f3n de Tecate Pa&#8217;l Norte, lamentamos informar que Kendrick Lamar no podr\u00e1 presentarse en el festival esta noche\u00bb<\/p>\n<p>Asimismo, el festival agradeci\u00f3 a Peso Pluma por extender su participaci\u00f3n en el show, la cual estaba programada de 22:00 a 22:30, por lo que terminar\u00eda dando un show de dos horas y media.<\/p>\n<p>De igual forma, se inform\u00f3 que Deorro tocar\u00eda en el escenario Tecate Light, sin embargo, el festival anunci\u00f3 que el resto de la programaci\u00f3n contin\u00faa sin alg\u00fan otro cambio.<\/p>\n<p>El repentino anuncio provoc\u00f3 reacciones de molestia en redes sociales, por lo que usuarios comentaron:<\/p>\n<p>\u00abV\u00e1yanse bien lejos ojet*s solo vine por Kendrick\u00bb<br \/>\n\u00abNing\u00fan artista se toma en serio este festival\u00bb<br \/>\n\u00abLos que se fueron corriendo desde temprano al escenario\u00bb<br \/>\n\u00abNooooooo, qu\u00e9 bueno. As\u00ed no me ag\u00fcita no haber ido\u00bb<br \/>\n\u00abYa lo reposteo Kendrick, es culpa de \u00e9l\u00bb<br \/>\n\u00abPeso Pluma salvando la noche jaja\u00bb<\/p>\n","protected":false},"excerpt":{"rendered":"<p>Este viernes fue el primer d\u00eda del festival Pa&#8217;l Norte 2024, todo parec\u00eda marchar excelente, pues hubo grandes presentaciones como las de Belanova y Keane; sin embargo, de \u00faltima hora se anunci\u00f3 de Kendrick Lamar, uno de los principales shows, cancel\u00f3 su presentaci\u00f3n de este viernes. \u00bfPor qu\u00e9 cancel\u00f3 Kendrick Lamar en el Pa&#8217;l Norte? [&hellip;]<\/p>\n","protected":false},"author":1,"featured_media":32517,"comment_status":"open","ping_status":"closed","sticky":false,"template":"","format":"standard","meta":{"footnotes":""},"categories":[1],"tags":[],"class_list":["post-32515","post","type-post","status-publish","format-standard","has-post-thumbnail","hentry","category-uncategorized"],"_links":{"self":[{"href":"https:\/\/solidaridadnews.com\/index.php?rest_route=\/wp\/v2\/posts\/32515","targetHints":{"allow":["GET"]}}],"collection":[{"href":"https:\/\/solidaridadnews.com\/index.php?rest_route=\/wp\/v2\/posts"}],"about":[{"href":"https:\/\/solidaridadnews.com\/index.php?rest_route=\/wp\/v2\/types\/post"}],"author":[{"embeddable":true,"href":"https:\/\/solidaridadnews.com\/index.php?rest_route=\/wp\/v2\/users\/1"}],"replies":[{"embeddable":true,"href":"https:\/\/solidaridadnews.com\/index.php?rest_route=%2Fwp%2Fv2%2Fcomments&post=32515"}],"version-history":[{"count":1,"href":"https:\/\/solidaridadnews.com\/index.php?rest_route=\/wp\/v2\/posts\/32515\/revisions"}],"predecessor-version":[{"id":32516,"href":"https:\/\/solidaridadnews.com\/index.php?rest_route=\/wp\/v2\/posts\/32515\/revisions\/32516"}],"wp:featuredmedia":[{"embeddable":true,"href":"https:\/\/solidaridadnews.com\/index.php?rest_route=\/wp\/v2\/media\/32517"}],"wp:attachment":[{"href":"https:\/\/solidaridadnews.com\/index.php?rest_route=%2Fwp%2Fv2%2Fmedia&parent=32515"}],"wp:term":[{"taxonomy":"category","embeddable":true,"href":"https:\/\/solidaridadnews.com\/index.php?rest_route=%2Fwp%2Fv2%2Fcategories&post=32515"},{"taxonomy":"post_tag","embeddable":true,"href":"https:\/\/solidaridadnews.com\/index.php?rest_route=%2Fwp%2Fv2%2Ftags&post=32515"}],"curies":[{"name":"wp","href":"https:\/\/api.w.org\/{rel}","templated":true}]}}