{"id":32503,"date":"2024-03-29T19:53:40","date_gmt":"2024-03-30T00:53:40","guid":{"rendered":"https:\/\/solidaridadnews.com\/?p=32503"},"modified":"2024-03-30T00:53:41","modified_gmt":"2024-03-30T00:53:41","slug":"rescatan-a-tiempo-a-nadador-en-playa-del-carmen","status":"publish","type":"post","link":"https:\/\/solidaridadnews.com\/?p=32503","title":{"rendered":"Rescatan a tiempo a nadador en Playa del Carmen"},"content":{"rendered":"<p>Pasado el mediod\u00eda del Jueves Santo, un sujeto que se encontraba nadando a la altura de las boyas, entre el Parque Fundadores y estuvo muy cerca de ahogarse de no intervenir los turistas cercanos que pidieron auxilio a los elementos de seguridad y guardavidas.<\/p>\n<p>Elementos Guardavidas, de Seguridad Ciudadana y de la Marina, atendieron el caso y, aparentemente ileso, el hombre se traslad\u00f3 a un hospital de la ciudad para valorar su estado de salud luego de que param\u00e9dicos brindaran t\u00e9cnicas de primeros auxilios<\/p>\n","protected":false},"excerpt":{"rendered":"<p>Pasado el mediod\u00eda del Jueves Santo, un sujeto que se encontraba nadando a la altura de las boyas, entre el Parque Fundadores y estuvo muy cerca de ahogarse de no intervenir los turistas cercanos que pidieron auxilio a los elementos de seguridad y guardavidas. Elementos Guardavidas, de Seguridad Ciudadana y de la Marina, atendieron el [&hellip;]<\/p>\n","protected":false},"author":1,"featured_media":32505,"comment_status":"open","ping_status":"closed","sticky":false,"template":"","format":"standard","meta":{"footnotes":""},"categories":[4],"tags":[],"class_list":["post-32503","post","type-post","status-publish","format-standard","has-post-thumbnail","hentry","category-local"],"_links":{"self":[{"href":"https:\/\/solidaridadnews.com\/index.php?rest_route=\/wp\/v2\/posts\/32503","targetHints":{"allow":["GET"]}}],"collection":[{"href":"https:\/\/solidaridadnews.com\/index.php?rest_route=\/wp\/v2\/posts"}],"about":[{"href":"https:\/\/solidaridadnews.com\/index.php?rest_route=\/wp\/v2\/types\/post"}],"author":[{"embeddable":true,"href":"https:\/\/solidaridadnews.com\/index.php?rest_route=\/wp\/v2\/users\/1"}],"replies":[{"embeddable":true,"href":"https:\/\/solidaridadnews.com\/index.php?rest_route=%2Fwp%2Fv2%2Fcomments&post=32503"}],"version-history":[{"count":1,"href":"https:\/\/solidaridadnews.com\/index.php?rest_route=\/wp\/v2\/posts\/32503\/revisions"}],"predecessor-version":[{"id":32504,"href":"https:\/\/solidaridadnews.com\/index.php?rest_route=\/wp\/v2\/posts\/32503\/revisions\/32504"}],"wp:featuredmedia":[{"embeddable":true,"href":"https:\/\/solidaridadnews.com\/index.php?rest_route=\/wp\/v2\/media\/32505"}],"wp:attachment":[{"href":"https:\/\/solidaridadnews.com\/index.php?rest_route=%2Fwp%2Fv2%2Fmedia&parent=32503"}],"wp:term":[{"taxonomy":"category","embeddable":true,"href":"https:\/\/solidaridadnews.com\/index.php?rest_route=%2Fwp%2Fv2%2Fcategories&post=32503"},{"taxonomy":"post_tag","embeddable":true,"href":"https:\/\/solidaridadnews.com\/index.php?rest_route=%2Fwp%2Fv2%2Ftags&post=32503"}],"curies":[{"name":"wp","href":"https:\/\/api.w.org\/{rel}","templated":true}]}}