{"id":32500,"date":"2024-03-29T19:37:12","date_gmt":"2024-03-30T00:37:12","guid":{"rendered":"https:\/\/solidaridadnews.com\/?p=32500"},"modified":"2024-03-30T00:37:13","modified_gmt":"2024-03-30T00:37:13","slug":"colectivo-angeles-mensajeros-realiza-viacrucis-migrante-en-la-frontera-de-chihuahua-eeuu","status":"publish","type":"post","link":"https:\/\/solidaridadnews.com\/?p=32500","title":{"rendered":"Colectivo \u00c1ngeles Mensajeros realiza viacrucis migrante en la frontera de Chihuahua-EEUU"},"content":{"rendered":"<p class=\"sc__font-paragraph\">Ciudad Ju\u00e1rez.- El\u00a0<a href=\"https:\/\/www.eluniversal.com.mx\/estados\/colectivo-localiza-crematorio-clandestino-en-guadalajara-utilizaba-acido-para-disolver-cuerpos\/\" target=\"_blank\" rel=\"noopener\" data-mrf-link=\"https:\/\/www.eluniversal.com.mx\/estados\/colectivo-localiza-crematorio-clandestino-en-guadalajara-utilizaba-acido-para-disolver-cuerpos\/\"><b>colectivo<\/b><\/a>\u00a0<b>\u00c1ngeles Mensajeros<\/b>, realiz\u00f3 este d\u00eda un\u00a0<b>viacrucis<\/b>\u00a0con personas migrantes de diversas nacionalidades que esperan poder cruzar a los\u00a0<b>Estados Unidos<\/b>\u00a0en\u00a0<a href=\"https:\/\/www.eluniversal.com.mx\/estados\/a-un-ano-de-la-tragedia-organizaciones-recuerdan-a-las-victimas-del-incendio-de-estancia-migratoria-en-ciudad-juarez\/\" target=\"_blank\" rel=\"noopener\" data-mrf-link=\"https:\/\/www.eluniversal.com.mx\/estados\/a-un-ano-de-la-tragedia-organizaciones-recuerdan-a-las-victimas-del-incendio-de-estancia-migratoria-en-ciudad-juarez\/\"><b>Ciudad Ju\u00e1rez, Chihuahua<\/b><\/a>.<\/p>\n<p class=\"sc__font-paragraph\">El evento se realiz\u00f3 en el bordo americano del\u00a0<b>r\u00edo Bravo<\/b>\u00a0a la altura de la puerta 36 del muro fronterizo.<\/p>\n<p class=\"sc__font-paragraph\">En el lugar los migrantes realizaron la representaci\u00f3n del viacrucis que vivi\u00f3 Jes\u00fas y el cual, aseguran viven d\u00eda con d\u00eda los migrantes que buscan llegar a los Estados Unidos.<\/p>\n<div class=\"ELU_VIDEO\"><\/div>\n<p class=\"sc__font-paragraph\">Tambi\u00e9n destacaron la indiferencia con la que las personas migrantes son tratadas por parte de las autoridades, tanto de M\u00e9xico como de los Estados Unidos, se\u00f1alado al gobernador de Texas, Greg Abbott, a quien tambi\u00e9n le pidieron escuche a las personas migrantes.<\/p>\n<p class=\"sc__font-paragraph\">En el viacrucis participaron cerca de 40 personas en movilidad, as\u00ed como los integrantes del colectivo \u00c1ngeles Mensajeros.<\/p>\n","protected":false},"excerpt":{"rendered":"<p>Ciudad Ju\u00e1rez.- El\u00a0colectivo\u00a0\u00c1ngeles Mensajeros, realiz\u00f3 este d\u00eda un\u00a0viacrucis\u00a0con personas migrantes de diversas nacionalidades que esperan poder cruzar a los\u00a0Estados Unidos\u00a0en\u00a0Ciudad Ju\u00e1rez, Chihuahua. El evento se realiz\u00f3 en el bordo americano del\u00a0r\u00edo Bravo\u00a0a la altura de la puerta 36 del muro fronterizo. En el lugar los migrantes realizaron la representaci\u00f3n del viacrucis que vivi\u00f3 Jes\u00fas y [&hellip;]<\/p>\n","protected":false},"author":1,"featured_media":32502,"comment_status":"open","ping_status":"closed","sticky":false,"template":"","format":"standard","meta":{"footnotes":""},"categories":[2],"tags":[],"class_list":["post-32500","post","type-post","status-publish","format-standard","has-post-thumbnail","hentry","category-nacional"],"_links":{"self":[{"href":"https:\/\/solidaridadnews.com\/index.php?rest_route=\/wp\/v2\/posts\/32500","targetHints":{"allow":["GET"]}}],"collection":[{"href":"https:\/\/solidaridadnews.com\/index.php?rest_route=\/wp\/v2\/posts"}],"about":[{"href":"https:\/\/solidaridadnews.com\/index.php?rest_route=\/wp\/v2\/types\/post"}],"author":[{"embeddable":true,"href":"https:\/\/solidaridadnews.com\/index.php?rest_route=\/wp\/v2\/users\/1"}],"replies":[{"embeddable":true,"href":"https:\/\/solidaridadnews.com\/index.php?rest_route=%2Fwp%2Fv2%2Fcomments&post=32500"}],"version-history":[{"count":1,"href":"https:\/\/solidaridadnews.com\/index.php?rest_route=\/wp\/v2\/posts\/32500\/revisions"}],"predecessor-version":[{"id":32501,"href":"https:\/\/solidaridadnews.com\/index.php?rest_route=\/wp\/v2\/posts\/32500\/revisions\/32501"}],"wp:featuredmedia":[{"embeddable":true,"href":"https:\/\/solidaridadnews.com\/index.php?rest_route=\/wp\/v2\/media\/32502"}],"wp:attachment":[{"href":"https:\/\/solidaridadnews.com\/index.php?rest_route=%2Fwp%2Fv2%2Fmedia&parent=32500"}],"wp:term":[{"taxonomy":"category","embeddable":true,"href":"https:\/\/solidaridadnews.com\/index.php?rest_route=%2Fwp%2Fv2%2Fcategories&post=32500"},{"taxonomy":"post_tag","embeddable":true,"href":"https:\/\/solidaridadnews.com\/index.php?rest_route=%2Fwp%2Fv2%2Ftags&post=32500"}],"curies":[{"name":"wp","href":"https:\/\/api.w.org\/{rel}","templated":true}]}}