{"id":32497,"date":"2024-03-29T19:21:22","date_gmt":"2024-03-30T00:21:22","guid":{"rendered":"https:\/\/solidaridadnews.com\/?p=32497"},"modified":"2024-03-30T00:21:23","modified_gmt":"2024-03-30T00:21:23","slug":"angela-aguilar-ya-no-quiere-hacer-duetos-ni-colaboraciones","status":"publish","type":"post","link":"https:\/\/solidaridadnews.com\/?p=32497","title":{"rendered":"\u00c1ngela Aguilar ya NO quiere hacer duetos ni colaboraciones"},"content":{"rendered":"<p>\u00c1ngela Aguilar suele ser criticada por sus respuestas en las entrevistas y es que la hija de Pepe Aguilar tiende a ser muy sincera, especialmente cuando se trata de su carrera como cantante, por lo que recientemente, habl\u00f3 sobre sus planes a futuro y su intenci\u00f3n de dejar de hacer colaboraciones.<\/p>\n<p>\u00bfPor qu\u00e9 \u00c1ngela Aguilar ya no quiere hacer duetos?<br \/>\n\u00c1ngela Aguilar ha tenido una carrera exitosa como cantante, pero en parte, ha sido gracias a las exitosas colaboraciones que ha hecho con artistas que ya cuentan con fama nacional e internacionales, tales como:<\/p>\n<p>Christian Nodal<br \/>\nThal\u00eda<br \/>\nSteve Aoki<br \/>\nYuridia<br \/>\nBecky G<br \/>\nJesse &amp; Joy<br \/>\nSin embargo, la int\u00e9rprete de \u00abQu\u00e9 Agon\u00eda\u00bb busca darle otro enfoque en su carrera y en una reciente entrevista revel\u00f3 que ya no quiere hacer duetos:<\/p>\n<p>Ahorita en este momento ya quiero cantar solita\u00bb<\/p>\n<p>Y es que la raz\u00f3n fue porque en un mes lanzar\u00e1 su nuevo sencillo, el cual ser\u00e1 m\u00fasica in\u00e9dita, completamente sola y con mariachi, aunque adelant\u00f3 que la mayor\u00eda ser\u00e1n de desamor, pues asegura que \u00abson las \u00fanicas que le salen\u00bb y no sabe por qu\u00e9.<\/p>\n<p>Sus declaraciones causaron comentarios negativos, pues algunos usuarios recordaron que su \u00e9xito se lo debe en parte a los duetos que ha hecho desde hace unos a\u00f1os, por lo que en los comentarios se pueden leer las siguientes opiniones:<\/p>\n<p>\u00abApenas empieza y ya se cree una diva, si de las colaboraciones se dio a reconocer y ahora le hace fuchi, mil mal por ella\u00bb<br \/>\n\u00abSu estilo est\u00e1 pasado de moda!! No se escucha!\u00bb<br \/>\n\u00ab\u00bfY cuando vas a cantar tango por tus ra\u00edces argentinas?\u00bb<br \/>\n\u00abLa soberbia y arrogancia matan cualquier posibilidad de talento. Maravilloso que hoy d\u00eda, las opciones musicales son muchas y no tenemos que consumir s\u00f3lo lo que por tradici\u00f3n o los medios nos ofrecen NO A LOS NEPO BABIES.\u00bb<\/p>\n","protected":false},"excerpt":{"rendered":"<p>\u00c1ngela Aguilar suele ser criticada por sus respuestas en las entrevistas y es que la hija de Pepe Aguilar tiende a ser muy sincera, especialmente cuando se trata de su carrera como cantante, por lo que recientemente, habl\u00f3 sobre sus planes a futuro y su intenci\u00f3n de dejar de hacer colaboraciones. \u00bfPor qu\u00e9 \u00c1ngela Aguilar [&hellip;]<\/p>\n","protected":false},"author":1,"featured_media":32499,"comment_status":"open","ping_status":"closed","sticky":false,"template":"","format":"standard","meta":{"footnotes":""},"categories":[3],"tags":[],"class_list":["post-32497","post","type-post","status-publish","format-standard","has-post-thumbnail","hentry","category-espectaculos"],"_links":{"self":[{"href":"https:\/\/solidaridadnews.com\/index.php?rest_route=\/wp\/v2\/posts\/32497","targetHints":{"allow":["GET"]}}],"collection":[{"href":"https:\/\/solidaridadnews.com\/index.php?rest_route=\/wp\/v2\/posts"}],"about":[{"href":"https:\/\/solidaridadnews.com\/index.php?rest_route=\/wp\/v2\/types\/post"}],"author":[{"embeddable":true,"href":"https:\/\/solidaridadnews.com\/index.php?rest_route=\/wp\/v2\/users\/1"}],"replies":[{"embeddable":true,"href":"https:\/\/solidaridadnews.com\/index.php?rest_route=%2Fwp%2Fv2%2Fcomments&post=32497"}],"version-history":[{"count":1,"href":"https:\/\/solidaridadnews.com\/index.php?rest_route=\/wp\/v2\/posts\/32497\/revisions"}],"predecessor-version":[{"id":32498,"href":"https:\/\/solidaridadnews.com\/index.php?rest_route=\/wp\/v2\/posts\/32497\/revisions\/32498"}],"wp:featuredmedia":[{"embeddable":true,"href":"https:\/\/solidaridadnews.com\/index.php?rest_route=\/wp\/v2\/media\/32499"}],"wp:attachment":[{"href":"https:\/\/solidaridadnews.com\/index.php?rest_route=%2Fwp%2Fv2%2Fmedia&parent=32497"}],"wp:term":[{"taxonomy":"category","embeddable":true,"href":"https:\/\/solidaridadnews.com\/index.php?rest_route=%2Fwp%2Fv2%2Fcategories&post=32497"},{"taxonomy":"post_tag","embeddable":true,"href":"https:\/\/solidaridadnews.com\/index.php?rest_route=%2Fwp%2Fv2%2Ftags&post=32497"}],"curies":[{"name":"wp","href":"https:\/\/api.w.org\/{rel}","templated":true}]}}