{"id":32482,"date":"2024-03-28T11:40:41","date_gmt":"2024-03-28T16:40:41","guid":{"rendered":"https:\/\/solidaridadnews.com\/?p=32482"},"modified":"2024-03-28T16:40:42","modified_gmt":"2024-03-28T16:40:42","slug":"oms-lanza-covinet-una-red-global-para-el-estudio-de-los-coronavirus","status":"publish","type":"post","link":"https:\/\/solidaridadnews.com\/?p=32482","title":{"rendered":"OMS lanza CoViNet, una red global para el estudio de los coronavirus"},"content":{"rendered":"<p>La Organizaci\u00f3n Mundial de la Salud (OMS) anunci\u00f3 el lanzamiento de la red global CoViNet, en la que laboratorios de todo el mundo coordinar\u00e1n el estudio de coronavirus como el que caus\u00f3 la reciente pandemia de COVID, con al menos 7 millones de muertos y m\u00e1s de 700 millones de casos confirmados.<\/p>\n<p>La red incluye en sus inicios 36 laboratorios de 21 pa\u00edses, cuyos representantes se reunieron en Ginebra los d\u00edas 26 y 27 de marzo para trazar un plan de acci\u00f3n hasta 2025 con el fin de organizar sistemas de detecci\u00f3n r\u00e1pida, evaluaci\u00f3n de riesgos y respuesta a coronavirus como el SARS-CoV-2 causante de la pandemia.<\/p>\n<p>CoViNet, destac\u00f3 un comunicado de la OMS, expandir\u00e1 el trabajo ya iniciado desde los comienzos de la crisis sanitaria en 2020 por laboratorios de referencia que hasta ahora se hab\u00edan enfocado en el SARS-CoV-2 pero tambi\u00e9n estudiar\u00e1n otros coronavirus, como el MERS-CoV, que afect\u00f3 principalmente Medio Oriente en 2012 y 2013.<\/p>\n<p>\u201cLos coronavirus han demostrado su riesgo epid\u00e9mico y pand\u00e9mico, por lo que agradecemos a nuestros socios de todo el mundo su trabajo para entender mejor grandes amenazas como la covid-19, el MERS o el SARS, as\u00ed como para detectar nuevos pat\u00f3genos\u201d, declar\u00f3 la jefa de la unidad anticovid de la OMS, Mar\u00eda Van Kerkhove.<\/p>\n<p>En Suiza, CoViNet contar\u00e1 con la participaci\u00f3n de prestigiosas instituciones nacionales como Hospitales Universitarios de Ginebra (HUG) o la universidad de la ciudad, una de las m\u00e1s destacadas de Europa en materia cient\u00edfica.<\/p>\n","protected":false},"excerpt":{"rendered":"<p>La Organizaci\u00f3n Mundial de la Salud (OMS) anunci\u00f3 el lanzamiento de la red global CoViNet, en la que laboratorios de todo el mundo coordinar\u00e1n el estudio de coronavirus como el que caus\u00f3 la reciente pandemia de COVID, con al menos 7 millones de muertos y m\u00e1s de 700 millones de casos confirmados. La red incluye [&hellip;]<\/p>\n","protected":false},"author":1,"featured_media":32484,"comment_status":"open","ping_status":"closed","sticky":false,"template":"","format":"standard","meta":{"footnotes":""},"categories":[9],"tags":[],"class_list":["post-32482","post","type-post","status-publish","format-standard","has-post-thumbnail","hentry","category-internacional"],"_links":{"self":[{"href":"https:\/\/solidaridadnews.com\/index.php?rest_route=\/wp\/v2\/posts\/32482","targetHints":{"allow":["GET"]}}],"collection":[{"href":"https:\/\/solidaridadnews.com\/index.php?rest_route=\/wp\/v2\/posts"}],"about":[{"href":"https:\/\/solidaridadnews.com\/index.php?rest_route=\/wp\/v2\/types\/post"}],"author":[{"embeddable":true,"href":"https:\/\/solidaridadnews.com\/index.php?rest_route=\/wp\/v2\/users\/1"}],"replies":[{"embeddable":true,"href":"https:\/\/solidaridadnews.com\/index.php?rest_route=%2Fwp%2Fv2%2Fcomments&post=32482"}],"version-history":[{"count":1,"href":"https:\/\/solidaridadnews.com\/index.php?rest_route=\/wp\/v2\/posts\/32482\/revisions"}],"predecessor-version":[{"id":32483,"href":"https:\/\/solidaridadnews.com\/index.php?rest_route=\/wp\/v2\/posts\/32482\/revisions\/32483"}],"wp:featuredmedia":[{"embeddable":true,"href":"https:\/\/solidaridadnews.com\/index.php?rest_route=\/wp\/v2\/media\/32484"}],"wp:attachment":[{"href":"https:\/\/solidaridadnews.com\/index.php?rest_route=%2Fwp%2Fv2%2Fmedia&parent=32482"}],"wp:term":[{"taxonomy":"category","embeddable":true,"href":"https:\/\/solidaridadnews.com\/index.php?rest_route=%2Fwp%2Fv2%2Fcategories&post=32482"},{"taxonomy":"post_tag","embeddable":true,"href":"https:\/\/solidaridadnews.com\/index.php?rest_route=%2Fwp%2Fv2%2Ftags&post=32482"}],"curies":[{"name":"wp","href":"https:\/\/api.w.org\/{rel}","templated":true}]}}