{"id":32479,"date":"2024-03-28T11:12:05","date_gmt":"2024-03-28T16:12:05","guid":{"rendered":"https:\/\/solidaridadnews.com\/?p=32479"},"modified":"2024-03-28T16:12:06","modified_gmt":"2024-03-28T16:12:06","slug":"4t-declara-territorio-federal-a-dos-inmensos-terrenos-de-quintana-roo","status":"publish","type":"post","link":"https:\/\/solidaridadnews.com\/?p=32479","title":{"rendered":"4T declara territorio federal a dos inmensos terrenos de Quintana Roo"},"content":{"rendered":"<p>Canc\u00fan, QRoo.- El gobierno federal public\u00f3 dos nuevos anuncios de deslinde de tierra para declararla territorio federal en Quintana Roo.<\/p>\n<p>Se trata de dos pol\u00edgonos inmensos, el primero de 20,287 hect\u00e1reas que se extiende por tres distintos municipios: Benito Ju\u00e1rez (Canc\u00fan), Puerto Morelos y L\u00e1zaro C\u00e1rdenas, y un segundo por 5,780 hect\u00e1reas, tambi\u00e9n en el municipio de L\u00e1zaro C\u00e1rdenas.<\/p>\n<p>En el primer caso, la superficie que pasar\u00e1 a ser propiedad de la federaci\u00f3n es tan grande que colinda con el Aeropuerto Internacional de Canc\u00fan y ejidos muy distantes entre s\u00ed como Alfredo V. Bonfil, Chiquil\u00e1 y Kantunilk\u00edn en el municipio L\u00e1zaro C\u00e1rdenas, al extremo norte de la entidad, adem\u00e1s de Leona Vicario en Puerto Morelos.<\/p>\n<p>Es un pol\u00edgono equivalente a cuatro veces la superficie donde se pretend\u00eda construir el Nuevo Aeropuerto Internacional de la Ciudad de M\u00e9xico, en Texcoco, el cual abarcaba 4,536 hect\u00e1reas.<\/p>\n<p>Sin embargo, a diferencia de los anuncios de deslinde previos, en este aviso no se advierte que la tierra vaya a ser incorporada al Tren Maya.<\/p>\n<p>Se precisa que los presuntos propietarios, poseedores, colindantes y aquellos que consideren que los trabajos de deslinde les pudiesen afectar tienen un plazo de 30 d\u00edas h\u00e1biles para exponer lo que a su derecho convenga.<\/p>\n<p>En este grupo de presunto propietarios se menciona a la Secretar\u00eda de Comunicaciones y Transportes, Carretera Canc\u00fan-Tulum, ejido El Cedral, ejido Vicente Guerrero, ejido La Esperanza, ejido El Tintal y su Anexo El Pocito, ejido Cristobal Col\u00f3n, ejido Kilometro 80, Alfredo V. Bonfil y su Anexo y Aeropuerto de Canc\u00fan, ejido Puerto Morelos, ejido Leona Vicario, Kantunilkin y ejido Isla Mujeres, ejido Chiquil\u00e1 y ejido Kantunilkin, ejido Naranjal Poniente, ejido Chan Santa Cruz, y ejido Santa Mar\u00eda Poniente.<\/p>\n<p>A las personas que no presenten sus documentos dentro del plazo se\u00f1alado, o que habiendo sido notificadas a presenciar el deslinde no concurran al mismo, se les tendr\u00e1 como conformes con sus resultados.<\/p>\n<p>En el segundo aviso por el deslinde de otras 5,780 hect\u00e1reas en el municipio de L\u00e1zaro C\u00e1rdenas, se menciona entre los posibles propietarios a la Secretar\u00eda de Comunicaciones y Transportes, Carretera Canc\u00fan-Tulum, ejido El Cedral, ejido Vicente Guerrero, ejido La Esperanza, ejido El Tintal y su Anexo El Pocito, ejido Cristobal Col\u00f3n, ejido Kilometro 80, Alfredo V. Bonfil y su Anexo y Aeropuerto de Canc\u00fan, ejido Puerto Morelos, ejido Leona Vicario, Kantunilkin y ejido Isla Mujeres, ejido Chiquil\u00e1 y ejido Kantunilk\u00edn, ejido Naranjal poniente, ejido Chan Santa Cruz, ejido Santa Mar\u00eda Poniente, ejido Chiquil\u00e1 y ejido Kantunilk\u00edn.<\/p>\n<p>Es decir, en total se anuncia la declaratoria de territorio nacional sobre un total de 26,067 hect\u00e1reas, la superficie m\u00e1s grande hasta el momento que ser\u00e1 incorporada a la federaci\u00f3n en Quintana Roo.<\/p>\n<p>Antecedente<br \/>\nApenas en agosto de 2023, el titular de la Secretar\u00eda de DEsarrollo Agrario, Territorial Urbano, Rom\u00e1n Meyer Falc\u00f3n anunci\u00f3 que en consonancia con el Programa de Ordenamiento Territorial de la Regi\u00f3n Sur-Sureste (POT-RSSE), se buscar\u00eda ordenar el territorio en la zona sur del pa\u00eds.<\/p>\n<p>Se firm\u00f3 un acuerdo de coordinaci\u00f3n con el gobierno de Quintana Roo, para impulsar estrategias para urbanizar adecuadamente y evitar especulaciones inmobiliarias; a fin de disminuir las desigualdades territoriales y fortalecer el turismo en la entidad.<\/p>\n<p>En reuni\u00f3n de agosto de 2023 con los 11 presidentes y presidentas municipales de Quintana Roo, el titular de la Sedatu destac\u00f3 que uno de los ejes centrales que se debe considerar en el desarrollo urbano es la preservaci\u00f3n del medio ambiente, ya que de eso depende el turismo y las comunidades; por lo que dijo que se apuesta por entornos agradables y seguros para garantizar un crecimiento sostenible a un mediano y largo plazo.<\/p>\n<p>\u201cDebemos alcanzar acuerdos conjuntos para lograr densificar adecuadamente y evitar especulaciones inmobiliarias; requerimos del apoyo de todos los municipios para preservar el medio ambiente y contener la mancha urbana\u201d, expres\u00f3 en esa ocasi\u00f3n el secretario.<\/p>\n","protected":false},"excerpt":{"rendered":"<p>Canc\u00fan, QRoo.- El gobierno federal public\u00f3 dos nuevos anuncios de deslinde de tierra para declararla territorio federal en Quintana Roo. Se trata de dos pol\u00edgonos inmensos, el primero de 20,287 hect\u00e1reas que se extiende por tres distintos municipios: Benito Ju\u00e1rez (Canc\u00fan), Puerto Morelos y L\u00e1zaro C\u00e1rdenas, y un segundo por 5,780 hect\u00e1reas, tambi\u00e9n en el [&hellip;]<\/p>\n","protected":false},"author":1,"featured_media":32481,"comment_status":"open","ping_status":"closed","sticky":false,"template":"","format":"standard","meta":{"footnotes":""},"categories":[2],"tags":[],"class_list":["post-32479","post","type-post","status-publish","format-standard","has-post-thumbnail","hentry","category-nacional"],"_links":{"self":[{"href":"https:\/\/solidaridadnews.com\/index.php?rest_route=\/wp\/v2\/posts\/32479","targetHints":{"allow":["GET"]}}],"collection":[{"href":"https:\/\/solidaridadnews.com\/index.php?rest_route=\/wp\/v2\/posts"}],"about":[{"href":"https:\/\/solidaridadnews.com\/index.php?rest_route=\/wp\/v2\/types\/post"}],"author":[{"embeddable":true,"href":"https:\/\/solidaridadnews.com\/index.php?rest_route=\/wp\/v2\/users\/1"}],"replies":[{"embeddable":true,"href":"https:\/\/solidaridadnews.com\/index.php?rest_route=%2Fwp%2Fv2%2Fcomments&post=32479"}],"version-history":[{"count":1,"href":"https:\/\/solidaridadnews.com\/index.php?rest_route=\/wp\/v2\/posts\/32479\/revisions"}],"predecessor-version":[{"id":32480,"href":"https:\/\/solidaridadnews.com\/index.php?rest_route=\/wp\/v2\/posts\/32479\/revisions\/32480"}],"wp:featuredmedia":[{"embeddable":true,"href":"https:\/\/solidaridadnews.com\/index.php?rest_route=\/wp\/v2\/media\/32481"}],"wp:attachment":[{"href":"https:\/\/solidaridadnews.com\/index.php?rest_route=%2Fwp%2Fv2%2Fmedia&parent=32479"}],"wp:term":[{"taxonomy":"category","embeddable":true,"href":"https:\/\/solidaridadnews.com\/index.php?rest_route=%2Fwp%2Fv2%2Fcategories&post=32479"},{"taxonomy":"post_tag","embeddable":true,"href":"https:\/\/solidaridadnews.com\/index.php?rest_route=%2Fwp%2Fv2%2Ftags&post=32479"}],"curies":[{"name":"wp","href":"https:\/\/api.w.org\/{rel}","templated":true}]}}