{"id":32476,"date":"2024-03-28T10:49:08","date_gmt":"2024-03-28T15:49:08","guid":{"rendered":"https:\/\/solidaridadnews.com\/?p=32476"},"modified":"2024-03-28T15:49:09","modified_gmt":"2024-03-28T15:49:09","slug":"alberto-estrella-se-confiesa-por-el-teatro","status":"publish","type":"post","link":"https:\/\/solidaridadnews.com\/?p=32476","title":{"rendered":"Alberto Estrella se confiesa por el teatro"},"content":{"rendered":"<p>El ambiente en el que Alberto Estrella creci\u00f3 fue muy religioso. No s\u00f3lo recibi\u00f3 su educaci\u00f3n b\u00e1sica en un colegio salesiano, sino que entre su familia cont\u00f3 incluso con un t\u00edo sacerdote. Pero nada de eso le ha impedido que, ya de adulto, cuestione a la Iglesia.<\/p>\n<p>\u201cS\u00e9 bien c\u00f3mo se manejan (en las instituciones religiosas) porque mi t\u00edo sacerdote me dio la oportunidad de conocer las entra\u00f1as del mundo eclesi\u00e1stico, vi cosas maravillosas, pero tambi\u00e9n otras terribles, entonces s\u00ed tengo un par\u00e1metro claro de c\u00f3mo se juega con la fe\u201d, dice.<\/p>\n<p>Los contrastes que presenci\u00f3 en el n\u00facleo del catolicismo, confiesa, le hicieron crecer con cierto recelo y desapego, algo que ha intentado cambiar con el tiempo: \u201cS\u00ed ten\u00eda un fuerte rechazo por la Iglesia, y no es que me haya reivindicado con ella, pero s\u00ed quise hacer las paces con la fe\u201d, remarca.<\/p>\n<p>El actor puso esto a prueba en la la obra R\u00e9quiem, que presenta en el Foro Shakespeare, incluida esta Semana Santa. En ella, da vida a un padre llamado Michael Banks, que debate con una abogada (Emma Sol\u00eds, interpretada por M\u00f3nica Huarte) sobre si defender o no la vida de un ni\u00f1o de 11 a\u00f1os, que est\u00e1 a punto de ser ejecutado en Texas por haber cometido un delito grave.<\/p>\n<p>Como maestro de actuaci\u00f3n que es, Estrella asegura que busc\u00f3 aproximarse a lo que piensa un religioso m\u00e1s all\u00e1 de sus prejuicios, por lo que lo hizo de una manera peculiar: fingiendo ser alguien que no es.<\/p>\n<p>\u201cHabl\u00e9 con dos sacerdotes, pero hice trampa: fui a confesarme y les empec\u00e9 a decir cosas que no eran ciertas para ver qu\u00e9 me dec\u00edan. Les habl\u00e9 de \u2018mis hijos\u2019, de c\u00f3mo pod\u00eda ponerles l\u00edmites, c\u00f3mo hablarles de Dios porque estaban rebeldes\u201d, cuenta el actor de 61 a\u00f1os, quien nunca ha sido pap\u00e1.<\/p>\n<p>\u201cUno fue un sacerdote muy inteligente y sensible, pero me toc\u00f3 otro muy radical, que me dec\u00eda que lo que pensaba era del demonio; entonces eso me permiti\u00f3 permear qu\u00e9 quer\u00eda y qu\u00e9 no mostrar a la gente. Comprender qu\u00e9 tipo de sacerdote quer\u00eda proyectar, uno que no alejara a las personas de la fe\u201d, detalla Estrella.<\/p>\n<p>Aboga por la empat\u00eda<br \/>\nDe esa experiencia, Alberto asegura que pudo percibir la importancia de las palabras dichas por un religioso, en especial por el peso que tienen en la vida de los otros.<\/p>\n<p>\u201cMe he preguntado, \u00bfyo abogar\u00eda por salvar a alguien? \u00bfQu\u00e9 tal si uno est\u00e1 intercediendo por alguien que s\u00ed es culpable? Si fuera necesario salvar un \u00e1rbol o el teatro lo har\u00eda, pero en la parte humana es un compromiso enorme ir a abogar por alguien, decir \u2018lo salvo o no lo salvo\u2019\u201d, reflexiona.<\/p>\n<p>Para M\u00f3nica Huarte, no es tan sencillo ponerse de parte de alguno de los dos lados de la obra, porque considera que la justicia divina, muchas veces en manos del hombre, se ha malinterpretado; as\u00ed como la justicia del hombre tiene muchos huecos que permiten malos manejos por intereses aparte.<\/p>\n<p>Ambos coinciden en que no hay un desenlace obvio en esta historia, pues dejan al espectador la tarea de decidir en cu\u00e1l de los dos protagonistas creer. Pero s\u00ed creen que las personas deben priorizar la empat\u00eda, sin importar las creencias.<\/p>\n<p>\u201cSiempre he pensado que ense\u00f1ar a no matar matando es una aberraci\u00f3n, porque eso no es justicia, es venganza. Pero esta obra no se trata de decirle a la gente qu\u00e9 creer, o si existe o no un Dios, porque muchas veces ajustamos la fe a como nos conviene o tenemos una justicia de chicle\u201d, considera el actor.<\/p>\n","protected":false},"excerpt":{"rendered":"<p>El ambiente en el que Alberto Estrella creci\u00f3 fue muy religioso. No s\u00f3lo recibi\u00f3 su educaci\u00f3n b\u00e1sica en un colegio salesiano, sino que entre su familia cont\u00f3 incluso con un t\u00edo sacerdote. Pero nada de eso le ha impedido que, ya de adulto, cuestione a la Iglesia. \u201cS\u00e9 bien c\u00f3mo se manejan (en las instituciones [&hellip;]<\/p>\n","protected":false},"author":1,"featured_media":32478,"comment_status":"open","ping_status":"closed","sticky":false,"template":"","format":"standard","meta":{"footnotes":""},"categories":[3],"tags":[],"class_list":["post-32476","post","type-post","status-publish","format-standard","has-post-thumbnail","hentry","category-espectaculos"],"_links":{"self":[{"href":"https:\/\/solidaridadnews.com\/index.php?rest_route=\/wp\/v2\/posts\/32476","targetHints":{"allow":["GET"]}}],"collection":[{"href":"https:\/\/solidaridadnews.com\/index.php?rest_route=\/wp\/v2\/posts"}],"about":[{"href":"https:\/\/solidaridadnews.com\/index.php?rest_route=\/wp\/v2\/types\/post"}],"author":[{"embeddable":true,"href":"https:\/\/solidaridadnews.com\/index.php?rest_route=\/wp\/v2\/users\/1"}],"replies":[{"embeddable":true,"href":"https:\/\/solidaridadnews.com\/index.php?rest_route=%2Fwp%2Fv2%2Fcomments&post=32476"}],"version-history":[{"count":1,"href":"https:\/\/solidaridadnews.com\/index.php?rest_route=\/wp\/v2\/posts\/32476\/revisions"}],"predecessor-version":[{"id":32477,"href":"https:\/\/solidaridadnews.com\/index.php?rest_route=\/wp\/v2\/posts\/32476\/revisions\/32477"}],"wp:featuredmedia":[{"embeddable":true,"href":"https:\/\/solidaridadnews.com\/index.php?rest_route=\/wp\/v2\/media\/32478"}],"wp:attachment":[{"href":"https:\/\/solidaridadnews.com\/index.php?rest_route=%2Fwp%2Fv2%2Fmedia&parent=32476"}],"wp:term":[{"taxonomy":"category","embeddable":true,"href":"https:\/\/solidaridadnews.com\/index.php?rest_route=%2Fwp%2Fv2%2Fcategories&post=32476"},{"taxonomy":"post_tag","embeddable":true,"href":"https:\/\/solidaridadnews.com\/index.php?rest_route=%2Fwp%2Fv2%2Ftags&post=32476"}],"curies":[{"name":"wp","href":"https:\/\/api.w.org\/{rel}","templated":true}]}}