{"id":32464,"date":"2024-03-27T12:55:11","date_gmt":"2024-03-27T17:55:11","guid":{"rendered":"https:\/\/solidaridadnews.com\/?p=32464"},"modified":"2024-03-27T17:55:12","modified_gmt":"2024-03-27T17:55:12","slug":"papa-francisco-lee-catequesis-de-la-audiencia-general-pide-don-de-la-paz-en-semana-santa","status":"publish","type":"post","link":"https:\/\/solidaridadnews.com\/?p=32464","title":{"rendered":"Papa Francisco lee catequesis de la audiencia general; pide don de la paz en Semana Santa"},"content":{"rendered":"<p>El papa Francisco entr\u00f3 este mi\u00e9rcoles caminando ayudado con un bast\u00f3n en el aula Pablo VI donde se celebr\u00f3 la tradicional audiencia general y ley\u00f3 sin problemas la catequesis que hab\u00eda preparado.<\/p>\n<p>Antes de empezar, Francisco ofreci\u00f3 disculpas a los fieles por el cambio de la plaza de San Pedro por el aula Pablo VI debido a la lluvia. \u201cHoy la audiencia prevista en la plaza ha tenido que ser trasladada aqu\u00ed dentro. Estar\u00e9is un poco apretados pero por lo menos no os mojareis. Gracias por vuestra paciencia\u201d, dijo.<\/p>\n<p>Francisco, que arrastra algunos problemas respiratorios, hab\u00eda saltado este domingo la lectura de la homil\u00eda de la misa del Domingo de Ramos por lo que se creo la incertidumbre sobre su salud ante los pr\u00f3ximos ritos de la Semana Santa.<\/p>\n<p>En las \u00faltimas semanas, el papa ha preferido no leer los discursos y dejarlos a un colaborador debido a que se cansaba demasiado leyendo despu\u00e9s de haber sufrido una gripe, como hab\u00eda reconocido, pero s\u00ed que pronunciaba los llamamientos al final de la audiencia general o en el \u00e1ngelus.<\/p>\n<p>Sin embargo, ya este lunes ley\u00f3 el largo discurso preparado durante una audiencia a un grupo llegado de Nigeria y hoy lo volvi\u00f3 a hacer durante la audiencia,<\/p>\n<p>El papa Francisco pidi\u00f3 hoy que \u201cque el Se\u00f1or nos d\u00e9 a todos la paz como don de su Pascua\u201d, al final de la audiencia general celebrada en el aula Pablo VI.<\/p>\n<p>Recemos por la paz: que el Se\u00f1or nos d\u00e9 la paz en la atormentada Ucrania que tanto sufre bajo los bombardeos. Tambi\u00e9n en Israel y Palestina: que haya paz en Tierra Santa\u201d, fue el nuevo llamamiento del papa Francisco antes de que comiencen los ritos principales de la Semana Santa.<\/p>\n<p>Francisco tambi\u00e9n quiso saludar durante la audiencia a dos padres presentes en las primeras fila. \u201d Son un israel\u00ed y un \u00e1rabe, ambos han perdido a sus hijas en esta guerra y ambos son amigos. No miran la enemistad de la guerra sino que miran la amistad de dos hombres que se aman y que han pasado por la misma crucifixi\u00f3n\u201d, dijo.<\/p>\n<p>\u201cPensemos en el bell\u00edsimo testimonio de estas dos personas que sufrieron por sus hijas la guerra de Tierra Santa. Queridos hermanos, gracias por vuestro testimonio\u201d, agreg\u00f3.<\/p>\n","protected":false},"excerpt":{"rendered":"<p>El papa Francisco entr\u00f3 este mi\u00e9rcoles caminando ayudado con un bast\u00f3n en el aula Pablo VI donde se celebr\u00f3 la tradicional audiencia general y ley\u00f3 sin problemas la catequesis que hab\u00eda preparado. Antes de empezar, Francisco ofreci\u00f3 disculpas a los fieles por el cambio de la plaza de San Pedro por el aula Pablo VI [&hellip;]<\/p>\n","protected":false},"author":1,"featured_media":32466,"comment_status":"open","ping_status":"closed","sticky":false,"template":"","format":"standard","meta":{"footnotes":""},"categories":[9],"tags":[],"class_list":["post-32464","post","type-post","status-publish","format-standard","has-post-thumbnail","hentry","category-internacional"],"_links":{"self":[{"href":"https:\/\/solidaridadnews.com\/index.php?rest_route=\/wp\/v2\/posts\/32464","targetHints":{"allow":["GET"]}}],"collection":[{"href":"https:\/\/solidaridadnews.com\/index.php?rest_route=\/wp\/v2\/posts"}],"about":[{"href":"https:\/\/solidaridadnews.com\/index.php?rest_route=\/wp\/v2\/types\/post"}],"author":[{"embeddable":true,"href":"https:\/\/solidaridadnews.com\/index.php?rest_route=\/wp\/v2\/users\/1"}],"replies":[{"embeddable":true,"href":"https:\/\/solidaridadnews.com\/index.php?rest_route=%2Fwp%2Fv2%2Fcomments&post=32464"}],"version-history":[{"count":1,"href":"https:\/\/solidaridadnews.com\/index.php?rest_route=\/wp\/v2\/posts\/32464\/revisions"}],"predecessor-version":[{"id":32465,"href":"https:\/\/solidaridadnews.com\/index.php?rest_route=\/wp\/v2\/posts\/32464\/revisions\/32465"}],"wp:featuredmedia":[{"embeddable":true,"href":"https:\/\/solidaridadnews.com\/index.php?rest_route=\/wp\/v2\/media\/32466"}],"wp:attachment":[{"href":"https:\/\/solidaridadnews.com\/index.php?rest_route=%2Fwp%2Fv2%2Fmedia&parent=32464"}],"wp:term":[{"taxonomy":"category","embeddable":true,"href":"https:\/\/solidaridadnews.com\/index.php?rest_route=%2Fwp%2Fv2%2Fcategories&post=32464"},{"taxonomy":"post_tag","embeddable":true,"href":"https:\/\/solidaridadnews.com\/index.php?rest_route=%2Fwp%2Fv2%2Ftags&post=32464"}],"curies":[{"name":"wp","href":"https:\/\/api.w.org\/{rel}","templated":true}]}}