{"id":32461,"date":"2024-03-27T12:33:41","date_gmt":"2024-03-27T17:33:41","guid":{"rendered":"https:\/\/solidaridadnews.com\/?p=32461"},"modified":"2024-03-27T17:33:42","modified_gmt":"2024-03-27T17:33:42","slug":"declaran-7-9-hectareas-como-terrenos-nacionales-para-el-tren-maya","status":"publish","type":"post","link":"https:\/\/solidaridadnews.com\/?p=32461","title":{"rendered":"Declaran 7.9 hect\u00e1reas como terrenos nacionales para el Tren Maya"},"content":{"rendered":"<p>Canc\u00fan, QRoo.- El gobierno declar\u00f3 como terreno federal una superficie de 7.9 hect\u00e1reas en el municipio Benito Ju\u00e1rez, donde se ubica Canc\u00fan, para incorporarlas al Tren Maya.<\/p>\n<p>Se trata del predio identificado como Pol\u00edgono BJ5N 03. La Direcci\u00f3n General de Ordenamiento de la Propiedad Rural inici\u00f3 el procedimiento de declaratoria de terreno nacional, se precisa en el Diario Oficial de la Federaci\u00f3n.<\/p>\n<p>El procedimiento de declaratoria implic\u00f3 una b\u00fasqueda del predio en la oficina catastral, la cual determin\u00f3 que \u201cno existe registro alguno en el Padr\u00f3n Catastral del Municipio de Benito Ju\u00e1rez.<\/p>\n<p>Asimismo, el Registro Agrario Nacional (RAN) se\u00f1al\u00f3 que: \u00abdicho pol\u00edgono se localiz\u00f3 fuera de terrenos de propiedad social, por lo que no se cuenta con m\u00e1s informaci\u00f3n al respecto\u00bb.<\/p>\n<p>En el mismo sentido se pronunci\u00f3 el Registro P\u00fablico de la Propiedad y de Comercio en el estado de Quintana Roo, seg\u00fan el cual tampoco encontr\u00f3 registro del predio en cuesti\u00f3n.<\/p>\n<p>Cabe mencionar que el predio colinda con la zona de derechos de v\u00eda del Tren Maya y con las l\u00edneas de alta tensi\u00f3n de la CFE.<\/p>\n<p>Se present\u00f3 un presunto due\u00f1o del referido predio, de nombre Jes\u00fas Gerardo Mora Proudinat, quien es tambi\u00e9n due\u00f1o de otro predio denominado El Pe\u00f1\u00f3n, el cual tambi\u00e9n es reclamado como terreno nacional por parte del gobierno federal.<\/p>\n<p>\u201cSe concluy\u00f3, que el inconforme no acredit\u00f3 ni de manera indiciaria la titularidad del bien; adem\u00e1s con las documentales exhibidas, no se determina que dicho predio haya salido del dominio de la Naci\u00f3n por t\u00edtulo legalmente expedido por autoridad competente. Dicho acuerdo fue debidamente notificado el 05 de octubre de 2023\u201d, se lee en el DOF.<\/p>\n<p>Antecedente<br \/>\nApenas el pasado 20 de marzo, el gobierno federal public\u00f3 el anuncio de deslinde para otro predio en Quintana Roo, denominado Santa Fe, con una superficie aproximada de 29.6 hect\u00e1reas, en el municipio de L\u00e1zaro C\u00e1rdenas.<\/p>\n<p>\u201cSe comision\u00f3 al perito deslindador para llevar a cabo la medici\u00f3n y deslinde del citado predio, por lo que se publica, por una sola vez, en el Diario Oficial de la Federaci\u00f3n (DOF) con efectos de notificaci\u00f3n a los propietarios, poseedores, colindantes y todo aquel que considere que los trabajos de deslinde lo pudiesen afectar, a efecto de que dentro del plazo de 30 d\u00edas h\u00e1biles presente la documentaci\u00f3n que a sus intereses convenga\u201d, se lee en el DOF.<\/p>\n<p>\u201cA las personas que no presenten sus documentos dentro del plazo se\u00f1alado, o que habiendo sido notificadas a presenciar el deslinde no concurran al mismo, se les tendr\u00e1 como conformes con sus resultados\u201d, se a\u00f1ade.<\/p>\n<p>Ese mismo d\u00eda, se publicaron otros ochos anuncios de deslinde sobre una superficie total de 40,447 metros cuadrados m\u00e1s, distribuida en tres predios sin identificar en el municipio de Hecelchak\u00e1n, Campeche.<\/p>\n<p>Cuatro d\u00edas atr\u00e1s se public\u00f3 tambi\u00e9n otra declaratoria de expropiaci\u00f3n por causa de utilidad p\u00fablica, para un total de 73.9 hect\u00e1reas en el ejido Alfredo V. Bonfil, tambi\u00e9n para incorporarlas al Tren Maya, por las cuales el gobierno federal deber\u00e1 pagar 291.8 millones de pesos.<\/p>\n<p>Ese mismo d\u00eda se public\u00f3 otra declararatoria de expropiaci\u00f3n por un total de 5.1 hect\u00e1reas en el ejido Dzibalch\u00e9, Campeche, por las que el gobierno deber\u00e1 pagar 17.8 millones de pesos.<\/p>\n","protected":false},"excerpt":{"rendered":"<p>Canc\u00fan, QRoo.- El gobierno declar\u00f3 como terreno federal una superficie de 7.9 hect\u00e1reas en el municipio Benito Ju\u00e1rez, donde se ubica Canc\u00fan, para incorporarlas al Tren Maya. Se trata del predio identificado como Pol\u00edgono BJ5N 03. La Direcci\u00f3n General de Ordenamiento de la Propiedad Rural inici\u00f3 el procedimiento de declaratoria de terreno nacional, se precisa [&hellip;]<\/p>\n","protected":false},"author":1,"featured_media":32463,"comment_status":"open","ping_status":"closed","sticky":false,"template":"","format":"standard","meta":{"footnotes":""},"categories":[2],"tags":[],"class_list":["post-32461","post","type-post","status-publish","format-standard","has-post-thumbnail","hentry","category-nacional"],"_links":{"self":[{"href":"https:\/\/solidaridadnews.com\/index.php?rest_route=\/wp\/v2\/posts\/32461","targetHints":{"allow":["GET"]}}],"collection":[{"href":"https:\/\/solidaridadnews.com\/index.php?rest_route=\/wp\/v2\/posts"}],"about":[{"href":"https:\/\/solidaridadnews.com\/index.php?rest_route=\/wp\/v2\/types\/post"}],"author":[{"embeddable":true,"href":"https:\/\/solidaridadnews.com\/index.php?rest_route=\/wp\/v2\/users\/1"}],"replies":[{"embeddable":true,"href":"https:\/\/solidaridadnews.com\/index.php?rest_route=%2Fwp%2Fv2%2Fcomments&post=32461"}],"version-history":[{"count":1,"href":"https:\/\/solidaridadnews.com\/index.php?rest_route=\/wp\/v2\/posts\/32461\/revisions"}],"predecessor-version":[{"id":32462,"href":"https:\/\/solidaridadnews.com\/index.php?rest_route=\/wp\/v2\/posts\/32461\/revisions\/32462"}],"wp:featuredmedia":[{"embeddable":true,"href":"https:\/\/solidaridadnews.com\/index.php?rest_route=\/wp\/v2\/media\/32463"}],"wp:attachment":[{"href":"https:\/\/solidaridadnews.com\/index.php?rest_route=%2Fwp%2Fv2%2Fmedia&parent=32461"}],"wp:term":[{"taxonomy":"category","embeddable":true,"href":"https:\/\/solidaridadnews.com\/index.php?rest_route=%2Fwp%2Fv2%2Fcategories&post=32461"},{"taxonomy":"post_tag","embeddable":true,"href":"https:\/\/solidaridadnews.com\/index.php?rest_route=%2Fwp%2Fv2%2Ftags&post=32461"}],"curies":[{"name":"wp","href":"https:\/\/api.w.org\/{rel}","templated":true}]}}