{"id":32443,"date":"2024-03-26T11:04:22","date_gmt":"2024-03-26T16:04:22","guid":{"rendered":"https:\/\/solidaridadnews.com\/?p=32443"},"modified":"2024-03-26T16:04:23","modified_gmt":"2024-03-26T16:04:23","slug":"realizan-misa-para-recordar-a-migrantes-que-murieron-en-estacion-migratoria-de-ciudad-juarez","status":"publish","type":"post","link":"https:\/\/solidaridadnews.com\/?p=32443","title":{"rendered":"Realizan misa para recordar a migrantes que murieron en estaci\u00f3n migratoria de Ciudad Ju\u00e1rez"},"content":{"rendered":"<p>A un a\u00f1o del incendio en el que fallecieron 40 migrantes que estaban en una instalaci\u00f3n del Instituto Nacional de Migraci\u00f3n (INM) de M\u00e9xico, los obispos de Ciudad Ju\u00e1rez y El Paso celebraron una misa en la que hicieron un llamado a la comunidad y a las autoridades a proteger a los migrantes y exigieron justicia para los afectados y cambios en las pol\u00edticas migratorias.<\/p>\n<p>La misa se celebr\u00f3 en la catedral de Ciudad Ju\u00e1rez, a cargo del obispo de la ciudad, Jos\u00e9 Guadalupe Torres Campos y con la presencia del obispo de El Paso, Mark Seitz, y estuvo dedicada a orar y visibilizar a los 40 migrantes fallecidos el 27 de marzo de 2023 en el incendio de la estaci\u00f3n migratoria de esta ciudad, as\u00ed como a todos aquellos que hoy se encuentran en tr\u00e1nsito.<\/p>\n<p>\u201cEsta misa es para pedir por los migrantes difuntos y tambi\u00e9n por los migrantes en general. Ha pasado un a\u00f1o, siempre es importante que haya justicia y que propongamos todos ser siempre mejores y dar una respeta a la justicia y la paz\u201d, indic\u00f3 el obispo Torres Campos.<\/p>\n<p>Lament\u00f3 que la ola migratoria sigue llegando a esta frontera sin que nadie pueda contenerla y sin que tenga una respuesta \u201csuficientemente humana\u201d.<\/p>\n<p>\u201cLlegan en condiciones tristes, deplorables, quieren pasar (a Estados Unidos), llegan, se enfrentan a maltratos, un bloqueo, muros, se topan con ese muro f\u00edsico, pero tambi\u00e9n un muro de esp\u00edritu y de coraz\u00f3n\u201d, dijo el religioso.<\/p>\n<p>\u201cEste es un llamado a los dos pa\u00edses (M\u00e9xico y Estados Unidos), a las autoridades y a las sociedades, a dar una respuesta de fraternidad, a cada pa\u00eds a que seamos como Betania, dispuestos a recibir y acoger a nuestros hermanos migrantes, acoger con respeto por su dignidad\u201d, indic\u00f3 el obispo de Ciudad Ju\u00e1rez, el epicentro actual de la crisis migrante entre las dos naciones.<br \/>\nOrganizaciones exigen justicia<\/p>\n<p>Por su parte el sacerdote Francisco Bueno Guill\u00e9n, director de la Casa del Migrante en esta ciudad, indic\u00f3 que a\u00fan no se ha impartido justicia respecto a las muertes de 40 personas que fallecieron en el incendio ocurrido el 27 de marzo del 2023.<\/p>\n<p>Cuestion\u00f3 que a un a\u00f1o el trabajo conjunto que se hac\u00eda para cuidar a la poblaci\u00f3n migrante se ha dejado de lado sobre todo por parte de los gobiernos municipal, estatal y federal.<\/p>\n<p>\u201cLa idea es que no se repita (\u2026) Lo que nosotros buscamos es que estos hechos que azotaron a nuestra ciudad jam\u00e1s se vuelvan a dar ni aqu\u00ed ni en otro lado\u201d, agreg\u00f3.<\/p>\n<p>Dijo que d\u00eda con d\u00eda se presentan tragedias que tienen que ver con migrantes sin que las pol\u00edticas migratorias de los pa\u00edses involucrados cambien y ante las elecciones presidenciales del 2 de junio llam\u00f3 a las autoridades a dise\u00f1ar pol\u00edticas m\u00e1s justas.<\/p>\n<p>\u201cLo que esperamos con el cambio de gobierno es que haya pol\u00edticas m\u00e1s justas para todos, que trabajen en la dignidad humana y que sea conscientes de que la migraci\u00f3n en nuestro pa\u00eds es un hecho y no coaccionar los derechos de ninguna persona\u201d, se\u00f1al\u00f3 el p\u00e1rroco.<\/p>\n<p>Lament\u00f3 que a\u00fan con esta tragedia y las que suceden todos los d\u00edas a lo largo del pa\u00eds, la situaci\u00f3n de la poblaci\u00f3n migrante no cambie.<\/p>\n<p>\u201cHemos visto a lo largo de un a\u00f1o cosas que no est\u00e1n bien, siguen violando los derechos de las personas, los siguen bajando de los trenes para que caminen largos tramos y hay abusos de las autoridades\u201d, dijo el p\u00e1rroco.<\/p>\n<p>Agreg\u00f3 que hay una deuda pendiente sobre todo del Gobierno mexicano porque los migrantes que fallecieron encerrados en el incendio de la estaci\u00f3n migratoria siguen en la ignominia.<\/p>\n<p>\u201cSe habla de 40 personas, pero cu\u00e1les son los nombres de esas 40 personas, quienes de nosotros, de los gobernantes, de la ciudadan\u00eda, conoce a los nombres de esas 40 personas que salieron afectadas\u201d, se\u00f1al\u00f3.<\/p>\n<p>El pasado 9 de marzo, el Gobierno mexicano inform\u00f3 que prepara la apertura de una nueva estaci\u00f3n migratoria en medio del desierto de Chihuahua, a 72 kil\u00f3metros al sur de Ciudad Ju\u00e1rez, en el norte de M\u00e9xico.<\/p>\n<p>El nuevo centro para retener migrantes surge como alternativa a casi un a\u00f1o del incendio en las instalaciones del Puente Lerdo, en la fronteriza Ciudad Ju\u00e1rez, que dej\u00f3 a 40 migrantes muertos.<\/p>\n<p>Tras la tragedia, una decena de personas han sido detenidas, mientras que el director del INM, Francisco Gardu\u00f1o, le fue abierto un proceso judicial porque la FGR lo acusa de omisi\u00f3n de funciones por su rol en los hechos, pero se mantiene en libertad y sin renunciar a su cargo.<\/p>\n","protected":false},"excerpt":{"rendered":"<p>A un a\u00f1o del incendio en el que fallecieron 40 migrantes que estaban en una instalaci\u00f3n del Instituto Nacional de Migraci\u00f3n (INM) de M\u00e9xico, los obispos de Ciudad Ju\u00e1rez y El Paso celebraron una misa en la que hicieron un llamado a la comunidad y a las autoridades a proteger a los migrantes y exigieron [&hellip;]<\/p>\n","protected":false},"author":1,"featured_media":32445,"comment_status":"open","ping_status":"closed","sticky":false,"template":"","format":"standard","meta":{"footnotes":""},"categories":[2],"tags":[],"class_list":["post-32443","post","type-post","status-publish","format-standard","has-post-thumbnail","hentry","category-nacional"],"_links":{"self":[{"href":"https:\/\/solidaridadnews.com\/index.php?rest_route=\/wp\/v2\/posts\/32443","targetHints":{"allow":["GET"]}}],"collection":[{"href":"https:\/\/solidaridadnews.com\/index.php?rest_route=\/wp\/v2\/posts"}],"about":[{"href":"https:\/\/solidaridadnews.com\/index.php?rest_route=\/wp\/v2\/types\/post"}],"author":[{"embeddable":true,"href":"https:\/\/solidaridadnews.com\/index.php?rest_route=\/wp\/v2\/users\/1"}],"replies":[{"embeddable":true,"href":"https:\/\/solidaridadnews.com\/index.php?rest_route=%2Fwp%2Fv2%2Fcomments&post=32443"}],"version-history":[{"count":1,"href":"https:\/\/solidaridadnews.com\/index.php?rest_route=\/wp\/v2\/posts\/32443\/revisions"}],"predecessor-version":[{"id":32444,"href":"https:\/\/solidaridadnews.com\/index.php?rest_route=\/wp\/v2\/posts\/32443\/revisions\/32444"}],"wp:featuredmedia":[{"embeddable":true,"href":"https:\/\/solidaridadnews.com\/index.php?rest_route=\/wp\/v2\/media\/32445"}],"wp:attachment":[{"href":"https:\/\/solidaridadnews.com\/index.php?rest_route=%2Fwp%2Fv2%2Fmedia&parent=32443"}],"wp:term":[{"taxonomy":"category","embeddable":true,"href":"https:\/\/solidaridadnews.com\/index.php?rest_route=%2Fwp%2Fv2%2Fcategories&post=32443"},{"taxonomy":"post_tag","embeddable":true,"href":"https:\/\/solidaridadnews.com\/index.php?rest_route=%2Fwp%2Fv2%2Ftags&post=32443"}],"curies":[{"name":"wp","href":"https:\/\/api.w.org\/{rel}","templated":true}]}}