{"id":32440,"date":"2024-03-26T10:41:58","date_gmt":"2024-03-26T15:41:58","guid":{"rendered":"https:\/\/solidaridadnews.com\/?p=32440"},"modified":"2024-03-26T15:41:59","modified_gmt":"2024-03-26T15:41:59","slug":"la-historia-sin-fin-tendra-nuevas-peliculas-esto-se-sabe-del-remake","status":"publish","type":"post","link":"https:\/\/solidaridadnews.com\/?p=32440","title":{"rendered":"\u2018La historia sin fin\u2019 tendr\u00e1 nuevas pel\u00edculas; esto se sabe del remake"},"content":{"rendered":"<p>Una de las pel\u00edculas m\u00e1s sobresalientes de la d\u00e9cada de los ochenta, \u2018La historia sin fin\u2019, regresar\u00e1 para cautivar a las generaciones actuales con nuevas cintas en live-action. Esto se sabe del remake que llegar\u00e1 pr\u00f3ximamente a cines.<\/p>\n<p>De acuerdo con lo revelado por el medio de informaci\u00f3n, Variety, la obra del escritor alem\u00e1n Michael Ende, \u2018La historia sin fin\u2019, que pas\u00f3 a ser una saga de pel\u00edculas en 1984, volver\u00e1 a la pantalla grande, pero ahora con varios remake, es decir, nuevas versiones que narran desde el principio las aventuras de Atr\u00e9yu.<\/p>\n<p>Seg\u00fan los informes las nuevas pel\u00edculas de \u2018La historia sin fin\u2019 estar\u00e1n a cargo de la productora See-Saw Films, cuyas pel\u00edculas \u2018El discurso del rey\u2019 y \u2018Un camino a casa\u2019, fueron nominadas al Oscar. Obviamente, tambi\u00e9n colaborar\u00e1 la empresa del autor de la obra original, Michael Ende Productions.<\/p>\n<p>Cabe destacar que, hasta el momento, no se sabe qui\u00e9n ser\u00e1 el director o qu\u00e9 actores protagonizar\u00e1n las nuevas pel\u00edculas remake de \u2018La historia sin fin\u2019. Lo que s\u00ed es un hecho es que, con las herramientas actuales para hacer efectos especiales, ser\u00e1 un gran reto adaptar esta trama.<\/p>\n<p>Las tres pel\u00edculas de \u2018La historia sin fin\u2019 o \u2018The neverending story\u2019, basada en la novela de Michael Ende, que fue dirigida y adaptada por el cineasta Wolfgang Petersen, hablan de un ni\u00f1o, llamado Basti\u00e1n Baltasar Bux, que es molestado por sus compa\u00f1eros y, al huir de los ataques de uno de ellos, entra a una librer\u00eda, donde encuentra un curioso libro.<\/p>\n<p>Aunque el due\u00f1o de la tienda le advierte que es peligroso leer aquel libro, el ni\u00f1o no hace caso y se lo lleva para adentrarse en la obra. Esta historia habla del joven Atr\u00e9yu, que busca salvar a su reino Fantas\u00eda, repleto de seres m\u00e1gicos, de la fuerza de \u2018La Nada\u2019.<\/p>\n<p>Seguramente muchos recordar\u00e1n las pel\u00edculas de \u2018La historia sin fin\u2019 por el enorme &#8216;perro volador&#8217; y parlanch\u00edn, que en realidad es un drag\u00f3n, llamado &#8216;Falkor&#8217; o &#8216;Falcor&#8217;, as\u00ed como el \u2018Come rocas\u2019. Si no, significa que eres de las generaciones actuales que seguramente amar\u00e1n la adaptaci\u00f3n de la saga con nuevas cintas remake.<\/p>\n<p>&nbsp;<\/p>\n<p>&nbsp;<\/p>\n<p>&nbsp;<\/p>\n","protected":false},"excerpt":{"rendered":"<p>Una de las pel\u00edculas m\u00e1s sobresalientes de la d\u00e9cada de los ochenta, \u2018La historia sin fin\u2019, regresar\u00e1 para cautivar a las generaciones actuales con nuevas cintas en live-action. Esto se sabe del remake que llegar\u00e1 pr\u00f3ximamente a cines. De acuerdo con lo revelado por el medio de informaci\u00f3n, Variety, la obra del escritor alem\u00e1n Michael [&hellip;]<\/p>\n","protected":false},"author":1,"featured_media":32442,"comment_status":"open","ping_status":"closed","sticky":false,"template":"","format":"standard","meta":{"footnotes":""},"categories":[3],"tags":[],"class_list":["post-32440","post","type-post","status-publish","format-standard","has-post-thumbnail","hentry","category-espectaculos"],"_links":{"self":[{"href":"https:\/\/solidaridadnews.com\/index.php?rest_route=\/wp\/v2\/posts\/32440","targetHints":{"allow":["GET"]}}],"collection":[{"href":"https:\/\/solidaridadnews.com\/index.php?rest_route=\/wp\/v2\/posts"}],"about":[{"href":"https:\/\/solidaridadnews.com\/index.php?rest_route=\/wp\/v2\/types\/post"}],"author":[{"embeddable":true,"href":"https:\/\/solidaridadnews.com\/index.php?rest_route=\/wp\/v2\/users\/1"}],"replies":[{"embeddable":true,"href":"https:\/\/solidaridadnews.com\/index.php?rest_route=%2Fwp%2Fv2%2Fcomments&post=32440"}],"version-history":[{"count":1,"href":"https:\/\/solidaridadnews.com\/index.php?rest_route=\/wp\/v2\/posts\/32440\/revisions"}],"predecessor-version":[{"id":32441,"href":"https:\/\/solidaridadnews.com\/index.php?rest_route=\/wp\/v2\/posts\/32440\/revisions\/32441"}],"wp:featuredmedia":[{"embeddable":true,"href":"https:\/\/solidaridadnews.com\/index.php?rest_route=\/wp\/v2\/media\/32442"}],"wp:attachment":[{"href":"https:\/\/solidaridadnews.com\/index.php?rest_route=%2Fwp%2Fv2%2Fmedia&parent=32440"}],"wp:term":[{"taxonomy":"category","embeddable":true,"href":"https:\/\/solidaridadnews.com\/index.php?rest_route=%2Fwp%2Fv2%2Fcategories&post=32440"},{"taxonomy":"post_tag","embeddable":true,"href":"https:\/\/solidaridadnews.com\/index.php?rest_route=%2Fwp%2Fv2%2Ftags&post=32440"}],"curies":[{"name":"wp","href":"https:\/\/api.w.org\/{rel}","templated":true}]}}