{"id":32437,"date":"2024-03-26T10:18:01","date_gmt":"2024-03-26T15:18:01","guid":{"rendered":"https:\/\/solidaridadnews.com\/?p=32437"},"modified":"2024-03-26T15:18:02","modified_gmt":"2024-03-26T15:18:02","slug":"america-y-henry-martin-muy-cerca-de-firmar-extension-de-contrato","status":"publish","type":"post","link":"https:\/\/solidaridadnews.com\/?p=32437","title":{"rendered":"Am\u00e9rica y Henry Mart\u00edn, muy cerca de firmar extensi\u00f3n de contrato"},"content":{"rendered":"<p>Poco a poco se destraba la negociaci\u00f3n. Am\u00e9rica, Henry Mart\u00edn, la afici\u00f3n y hasta el propietario Emilio Azc\u00e1rraga quieren que la negociaci\u00f3n entre el jugador y el club tenga un final que extienda su permanencia en la instituci\u00f3n.<\/p>\n<p>Se pudo saber que la directiva azulcrema acept\u00f3 los tres a\u00f1os de contrato que pide su goleador y una mejor econ\u00f3mica en su nuevo contrato, por supuesto sin llegar a las cifras de las ofertas de la MLS.<\/p>\n<p>El delantero de la Selecci\u00f3n Nacional reportar\u00e1 en el Nido este martes despu\u00e9s de su aventura en el Tri y se retomar\u00e1n las pl\u00e1ticas que quedaron inconclusas, mismas que ya ten\u00edan como destino consolidar la renovaci\u00f3n.<\/p>\n<p>En las \u00faltimas actualizaciones a las que tuvimos acceso pudimos confirmar que tambi\u00e9n existe una oferta proveniente de Arabia con cifras inigualables para el club y jugador; sin embargo, la idea de partir hasta el otro lado del mundo no es algo que atraiga &#8216;La Bomba&#8217; debido a temas familiares y por supuesto por su deseo de seguir contemplado en el Tri.<\/p>\n<p>Por su cuenta la directiva deportiva que encabeza Santiago Ba\u00f1os es consciente del valor que hoy tiene su Capit\u00e1n en el club por logros e historia que sigue escribiendo con letras de oro, adem\u00e1s; de que es uno de los consentidos de la afici\u00f3n, quien no le perdonar\u00eda no renovar a su goleador.<\/p>\n<p>Se viven horas finales para conocer el desenlace de esta negociaci\u00f3n que hoy parece estar inclinada a la permanencia para seguir buscando los objetivos del Bicampeonato y Mundial de Clubes juntos.<\/p>\n","protected":false},"excerpt":{"rendered":"<p>Poco a poco se destraba la negociaci\u00f3n. Am\u00e9rica, Henry Mart\u00edn, la afici\u00f3n y hasta el propietario Emilio Azc\u00e1rraga quieren que la negociaci\u00f3n entre el jugador y el club tenga un final que extienda su permanencia en la instituci\u00f3n. Se pudo saber que la directiva azulcrema acept\u00f3 los tres a\u00f1os de contrato que pide su goleador [&hellip;]<\/p>\n","protected":false},"author":1,"featured_media":32439,"comment_status":"open","ping_status":"closed","sticky":false,"template":"","format":"standard","meta":{"footnotes":""},"categories":[6],"tags":[],"class_list":["post-32437","post","type-post","status-publish","format-standard","has-post-thumbnail","hentry","category-deportes"],"_links":{"self":[{"href":"https:\/\/solidaridadnews.com\/index.php?rest_route=\/wp\/v2\/posts\/32437","targetHints":{"allow":["GET"]}}],"collection":[{"href":"https:\/\/solidaridadnews.com\/index.php?rest_route=\/wp\/v2\/posts"}],"about":[{"href":"https:\/\/solidaridadnews.com\/index.php?rest_route=\/wp\/v2\/types\/post"}],"author":[{"embeddable":true,"href":"https:\/\/solidaridadnews.com\/index.php?rest_route=\/wp\/v2\/users\/1"}],"replies":[{"embeddable":true,"href":"https:\/\/solidaridadnews.com\/index.php?rest_route=%2Fwp%2Fv2%2Fcomments&post=32437"}],"version-history":[{"count":1,"href":"https:\/\/solidaridadnews.com\/index.php?rest_route=\/wp\/v2\/posts\/32437\/revisions"}],"predecessor-version":[{"id":32438,"href":"https:\/\/solidaridadnews.com\/index.php?rest_route=\/wp\/v2\/posts\/32437\/revisions\/32438"}],"wp:featuredmedia":[{"embeddable":true,"href":"https:\/\/solidaridadnews.com\/index.php?rest_route=\/wp\/v2\/media\/32439"}],"wp:attachment":[{"href":"https:\/\/solidaridadnews.com\/index.php?rest_route=%2Fwp%2Fv2%2Fmedia&parent=32437"}],"wp:term":[{"taxonomy":"category","embeddable":true,"href":"https:\/\/solidaridadnews.com\/index.php?rest_route=%2Fwp%2Fv2%2Fcategories&post=32437"},{"taxonomy":"post_tag","embeddable":true,"href":"https:\/\/solidaridadnews.com\/index.php?rest_route=%2Fwp%2Fv2%2Ftags&post=32437"}],"curies":[{"name":"wp","href":"https:\/\/api.w.org\/{rel}","templated":true}]}}