{"id":32428,"date":"2024-03-25T11:29:25","date_gmt":"2024-03-25T16:29:25","guid":{"rendered":"https:\/\/solidaridadnews.com\/?p=32428"},"modified":"2024-03-25T16:29:26","modified_gmt":"2024-03-25T16:29:26","slug":"telegram-sigue-juez-espanol-paraliza-su-congelamiento","status":"publish","type":"post","link":"https:\/\/solidaridadnews.com\/?p=32428","title":{"rendered":"Telegram sigue\u2026 juez espa\u00f1ol paraliza su &#8216;congelamiento&#8217;"},"content":{"rendered":"<p>Un juez espa\u00f1ol dio marcha atr\u00e1s y paraliz\u00f3 este lunes su orden de suspender temporalmente Telegram en el pa\u00eds, mientras espera por un informe de la polic\u00eda sobre el servicio de mensajer\u00eda.<\/p>\n<p>El juez Santiago Pedraz de la Audiencia Nacional, un alto tribunal en Madrid a cargo de casos delicados, hab\u00eda solicitado el viernes \u00abla suspensi\u00f3n temporal de los recursos asociados a Telegram\u00bb, dentro de una investigaci\u00f3n sobre algunas cuentas que vulnerar\u00edan derechos de propiedad intelectual.<\/p>\n<p>Pero este lunes el magistrado pidi\u00f3 diferir la medida hasta tanto reciba un informe policial \u00absobre la plataforma Telegram (caracter\u00edsticas, etc.) as\u00ed como la incidencia que pueda tener sobre los usuarios dicha suspensi\u00f3n temporal\u00bb, inform\u00f3 la justicia en un comunicado.<\/p>\n<p>Pedraz hab\u00eda ordenado la medida cautelar el viernes ante la falta de respuesta de las autoridades de las Islas V\u00edrgenes a una petici\u00f3n enviada en julio de 2023.<\/p>\n<p>La solicitud se enmarcaba en una investigaci\u00f3n abierta tras la denuncia de empresas audiovisuales espa\u00f1olas de que desde algunos canales del servicio de mensajer\u00eda se compart\u00edan contenidos que vulneraban sus derechos de propiedad intelectual.<\/p>\n<p>El magistrado demandaba a las autoridades de Islas V\u00edrgenes, donde est\u00e1 registrada su matriz, que instaran a Telegram a informar sobre \u00abdeterminados datos t\u00e9cnicos que permitir\u00edan identificar los titulares\u00bb de esas cuentas, pero no obtuvo respuesta.<\/p>\n<p>La medida del juez recibi\u00f3 cr\u00edticas de asociaciones de consumidores como Facua, que advirti\u00f3 de los \u00abenormes perjuicios\u00bb que, seg\u00fan su parecer, podr\u00eda causar esta suspensi\u00f3n \u00abpara los millones de usuarios de esta aplicaci\u00f3n de mensajer\u00eda\u00bb.<\/p>\n<p>Es como si cerraran internet porque existen webs que alojan ilegalmente contenidos protegidos por derechos de autor\u00bb, lament\u00f3 su secretario general, Rub\u00e9n S\u00e1nchez, en un comunicado.<\/p>\n<p>Telegram, que dice contar con 700 millones de usuarios activos mensuales en el mundo, ha sido previamente suspendido temporalmente en otros pa\u00edses, como en Brasil el a\u00f1o pasado, por no facilitar informaci\u00f3n a las autoridades.<\/p>\n","protected":false},"excerpt":{"rendered":"<p>Un juez espa\u00f1ol dio marcha atr\u00e1s y paraliz\u00f3 este lunes su orden de suspender temporalmente Telegram en el pa\u00eds, mientras espera por un informe de la polic\u00eda sobre el servicio de mensajer\u00eda. El juez Santiago Pedraz de la Audiencia Nacional, un alto tribunal en Madrid a cargo de casos delicados, hab\u00eda solicitado el viernes \u00abla [&hellip;]<\/p>\n","protected":false},"author":1,"featured_media":32430,"comment_status":"open","ping_status":"closed","sticky":false,"template":"","format":"standard","meta":{"footnotes":""},"categories":[9],"tags":[],"class_list":["post-32428","post","type-post","status-publish","format-standard","has-post-thumbnail","hentry","category-internacional"],"_links":{"self":[{"href":"https:\/\/solidaridadnews.com\/index.php?rest_route=\/wp\/v2\/posts\/32428","targetHints":{"allow":["GET"]}}],"collection":[{"href":"https:\/\/solidaridadnews.com\/index.php?rest_route=\/wp\/v2\/posts"}],"about":[{"href":"https:\/\/solidaridadnews.com\/index.php?rest_route=\/wp\/v2\/types\/post"}],"author":[{"embeddable":true,"href":"https:\/\/solidaridadnews.com\/index.php?rest_route=\/wp\/v2\/users\/1"}],"replies":[{"embeddable":true,"href":"https:\/\/solidaridadnews.com\/index.php?rest_route=%2Fwp%2Fv2%2Fcomments&post=32428"}],"version-history":[{"count":1,"href":"https:\/\/solidaridadnews.com\/index.php?rest_route=\/wp\/v2\/posts\/32428\/revisions"}],"predecessor-version":[{"id":32429,"href":"https:\/\/solidaridadnews.com\/index.php?rest_route=\/wp\/v2\/posts\/32428\/revisions\/32429"}],"wp:featuredmedia":[{"embeddable":true,"href":"https:\/\/solidaridadnews.com\/index.php?rest_route=\/wp\/v2\/media\/32430"}],"wp:attachment":[{"href":"https:\/\/solidaridadnews.com\/index.php?rest_route=%2Fwp%2Fv2%2Fmedia&parent=32428"}],"wp:term":[{"taxonomy":"category","embeddable":true,"href":"https:\/\/solidaridadnews.com\/index.php?rest_route=%2Fwp%2Fv2%2Fcategories&post=32428"},{"taxonomy":"post_tag","embeddable":true,"href":"https:\/\/solidaridadnews.com\/index.php?rest_route=%2Fwp%2Fv2%2Ftags&post=32428"}],"curies":[{"name":"wp","href":"https:\/\/api.w.org\/{rel}","templated":true}]}}