{"id":32413,"date":"2024-03-24T18:30:22","date_gmt":"2024-03-24T23:30:22","guid":{"rendered":"https:\/\/solidaridadnews.com\/?p=32413"},"modified":"2024-03-24T23:30:23","modified_gmt":"2024-03-24T23:30:23","slug":"denuncian-tala-de-arboles-de-gran-tamano-en-playa-del-carmen","status":"publish","type":"post","link":"https:\/\/solidaridadnews.com\/?p=32413","title":{"rendered":"Denuncian tala de \u00e1rboles de gran tama\u00f1o en Playa del Carmen"},"content":{"rendered":"<p>PLAYA DEL CARMEN, MX.- Dos \u00e1rboles, uno de grandes dimensiones y otro de menor tama\u00f1o, que se encontraban en la v\u00eda p\u00fablica, sobre la avenida 115, con la esquina de la calle 14 norte, fueron talados esta ma\u00f1ana por trabajadores contratados para esta labor.<\/p>\n<p>Cuatro hombres, con motosierras y machetes, fueron quienes se encargaron, este domingo, desde las 8 de la ma\u00f1ana de cortar las ramas de estos dos \u00e1rboles de ficus, uno de ellos con una altura de m\u00e1s de 10 metros.<\/p>\n<p>Hecho esto, los trabajadores procedieron a tirar el enorme tronco, lo que les tom\u00f3 varios intentos, antes de poder dejarlo tirado en medio de la banqueta.<\/p>\n<p>Estos \u00e1rboles se encontraban afuera de un edificio que sirvi\u00f3 como instalaciones de un peri\u00f3dico local, y que, tras cerrar sus puertas, permaneci\u00f3 abandonado.<\/p>\n<p>En este lugar se abrir\u00e1 ahora un establecimiento de la empresa trasnacional Mega Truper, seg\u00fan se lee en una enorme lona donde se anuncia su pr\u00f3xima apertura.<\/p>\n<p>Cabe se\u00f1ala que, por ser domingo, durante el tiempo que dur\u00f3 la tala de este ejemplar, no se present\u00f3 ninguna autoridad de gobierno, por lo que se desconoce si contaban con permiso para retirar el \u00e1rbol. (Agencia SIM)<\/p>\n","protected":false},"excerpt":{"rendered":"<p>PLAYA DEL CARMEN, MX.- Dos \u00e1rboles, uno de grandes dimensiones y otro de menor tama\u00f1o, que se encontraban en la v\u00eda p\u00fablica, sobre la avenida 115, con la esquina de la calle 14 norte, fueron talados esta ma\u00f1ana por trabajadores contratados para esta labor. Cuatro hombres, con motosierras y machetes, fueron quienes se encargaron, este [&hellip;]<\/p>\n","protected":false},"author":1,"featured_media":32415,"comment_status":"open","ping_status":"closed","sticky":false,"template":"","format":"standard","meta":{"footnotes":""},"categories":[4],"tags":[],"class_list":["post-32413","post","type-post","status-publish","format-standard","has-post-thumbnail","hentry","category-local"],"_links":{"self":[{"href":"https:\/\/solidaridadnews.com\/index.php?rest_route=\/wp\/v2\/posts\/32413","targetHints":{"allow":["GET"]}}],"collection":[{"href":"https:\/\/solidaridadnews.com\/index.php?rest_route=\/wp\/v2\/posts"}],"about":[{"href":"https:\/\/solidaridadnews.com\/index.php?rest_route=\/wp\/v2\/types\/post"}],"author":[{"embeddable":true,"href":"https:\/\/solidaridadnews.com\/index.php?rest_route=\/wp\/v2\/users\/1"}],"replies":[{"embeddable":true,"href":"https:\/\/solidaridadnews.com\/index.php?rest_route=%2Fwp%2Fv2%2Fcomments&post=32413"}],"version-history":[{"count":1,"href":"https:\/\/solidaridadnews.com\/index.php?rest_route=\/wp\/v2\/posts\/32413\/revisions"}],"predecessor-version":[{"id":32414,"href":"https:\/\/solidaridadnews.com\/index.php?rest_route=\/wp\/v2\/posts\/32413\/revisions\/32414"}],"wp:featuredmedia":[{"embeddable":true,"href":"https:\/\/solidaridadnews.com\/index.php?rest_route=\/wp\/v2\/media\/32415"}],"wp:attachment":[{"href":"https:\/\/solidaridadnews.com\/index.php?rest_route=%2Fwp%2Fv2%2Fmedia&parent=32413"}],"wp:term":[{"taxonomy":"category","embeddable":true,"href":"https:\/\/solidaridadnews.com\/index.php?rest_route=%2Fwp%2Fv2%2Fcategories&post=32413"},{"taxonomy":"post_tag","embeddable":true,"href":"https:\/\/solidaridadnews.com\/index.php?rest_route=%2Fwp%2Fv2%2Ftags&post=32413"}],"curies":[{"name":"wp","href":"https:\/\/api.w.org\/{rel}","templated":true}]}}