{"id":32407,"date":"2024-03-24T17:52:11","date_gmt":"2024-03-24T22:52:11","guid":{"rendered":"https:\/\/solidaridadnews.com\/?p=32407"},"modified":"2024-03-24T22:52:13","modified_gmt":"2024-03-24T22:52:13","slug":"captan-a-drake-bell-en-un-centro-comercial-del-edomex","status":"publish","type":"post","link":"https:\/\/solidaridadnews.com\/?p=32407","title":{"rendered":"Captan a Drake Bell en un centro comercial&#8230; \u00a1Del Edomex!"},"content":{"rendered":"<p>Drake Bell ha dado de qu\u00e9 hablar recientemente luego de que se estrenara el documental \u00abQuiet On Set\u00bb en el que dio a conocer que fue v\u00edctima de abuso sexual a los 15 a\u00f1os por parte de su exentrenador de di\u00e1logo en Nickelodeon, Brian Peck.<\/p>\n<p>Sin embargo, el cantante no ha permitido que haber hecho p\u00fablico ese traum\u00e1tico episodio le afecte en su vida actual, pues hay que recordar que ha tenido un muy buen recibimiento en M\u00e9xico y precisamente se viraliz\u00f3 en las \u00faltimas horas un video del cantante conviviendo con sus fans del Estado de M\u00e9xico.<\/p>\n<p>\u00bfEn qu\u00e9 centro comercial estuvo Drake Bell?<br \/>\nFue la usuaria de TikTok @dulceberenice_art quien comparti\u00f3 un video de su encuentro con Drake Bell y como suele ser con sus fans, el cantante estadounidense se port\u00f3 bastante bien con las personas que se acercaron a saludarlo y a tomarse una foto.<\/p>\n<p>De acuerdo con la joven tiktoker, Drake Bell estaba en el centro comercial Mundo E, el cual se ubica sobre en el Estado de M\u00e9xico, espec\u00edficamente en el municipio de Tlalnepantla en sus l\u00edmites con Naucalpan, sobre Perif\u00e9rico, a la altura de Jardines de Santa M\u00f3nica.<\/p>\n<p>El video gener\u00f3 diversas reacciones y algunas dudas, como por qu\u00e9 estaba ah\u00ed y cu\u00e1ndo ocurri\u00f3 eso y de acuerdo con la fecha del video, esto ocurri\u00f3 el jueves 7 de marzo, aunque fue el 19 de marzo cuando Drake Bell public\u00f3 una foto en Instagram con el mismo atuendo, que es muy similar al que us\u00f3 cuando fue visto en un supermercado de Naucalpan en noviembre pasado.<\/p>\n<p>Entre los comentarios sobre Drake Bell en el Estado de M\u00e9xico, destacaron:<\/p>\n<p>\u00abSe le ve cansado o triste\u00bb<br \/>\n\u00abTan cerca y tan lejos de encontr\u00e1rmelo\u00bb<br \/>\n\u00abPorque yo no me lo encuentro\u00bb<br \/>\n\u00abYa casi llega a Coacalco\u00bb<br \/>\n\u00abSu mirada refleja mucha tristeza\u00bb<br \/>\nDrake Bell plasma su amor por M\u00e9xico en su nueva canci\u00f3n<br \/>\nCabe recordar que Drake Bell ha sido muy bien recibido en M\u00e9xico y ha mejorado su espa\u00f1ol para comunicarse de mejor forma en el pa\u00eds que le abri\u00f3 las puertas, raz\u00f3n por la cual, en su m\u00e1s reciente \u00e9xito, \u00abI Kinda Of Relate\u00bb le dedic\u00f3 un verso a nuestro pa\u00eds.<\/p>\n<p>In 2008, I found love in Mexico\/ &#8216;Cause no one wants to hear me in the States\/ So I&#8217;m running away (En 2008 encontr\u00e9 amor en M\u00e9xico\/ Porque nadie quer\u00eda escucharme en Estados Unidos\/ As\u00ed que estoy huyendo)\u00bb<\/p>\n<p>&nbsp;<\/p>\n","protected":false},"excerpt":{"rendered":"<p>Drake Bell ha dado de qu\u00e9 hablar recientemente luego de que se estrenara el documental \u00abQuiet On Set\u00bb en el que dio a conocer que fue v\u00edctima de abuso sexual a los 15 a\u00f1os por parte de su exentrenador de di\u00e1logo en Nickelodeon, Brian Peck. Sin embargo, el cantante no ha permitido que haber hecho [&hellip;]<\/p>\n","protected":false},"author":1,"featured_media":32409,"comment_status":"open","ping_status":"closed","sticky":false,"template":"","format":"standard","meta":{"footnotes":""},"categories":[3],"tags":[],"class_list":["post-32407","post","type-post","status-publish","format-standard","has-post-thumbnail","hentry","category-espectaculos"],"_links":{"self":[{"href":"https:\/\/solidaridadnews.com\/index.php?rest_route=\/wp\/v2\/posts\/32407","targetHints":{"allow":["GET"]}}],"collection":[{"href":"https:\/\/solidaridadnews.com\/index.php?rest_route=\/wp\/v2\/posts"}],"about":[{"href":"https:\/\/solidaridadnews.com\/index.php?rest_route=\/wp\/v2\/types\/post"}],"author":[{"embeddable":true,"href":"https:\/\/solidaridadnews.com\/index.php?rest_route=\/wp\/v2\/users\/1"}],"replies":[{"embeddable":true,"href":"https:\/\/solidaridadnews.com\/index.php?rest_route=%2Fwp%2Fv2%2Fcomments&post=32407"}],"version-history":[{"count":1,"href":"https:\/\/solidaridadnews.com\/index.php?rest_route=\/wp\/v2\/posts\/32407\/revisions"}],"predecessor-version":[{"id":32408,"href":"https:\/\/solidaridadnews.com\/index.php?rest_route=\/wp\/v2\/posts\/32407\/revisions\/32408"}],"wp:featuredmedia":[{"embeddable":true,"href":"https:\/\/solidaridadnews.com\/index.php?rest_route=\/wp\/v2\/media\/32409"}],"wp:attachment":[{"href":"https:\/\/solidaridadnews.com\/index.php?rest_route=%2Fwp%2Fv2%2Fmedia&parent=32407"}],"wp:term":[{"taxonomy":"category","embeddable":true,"href":"https:\/\/solidaridadnews.com\/index.php?rest_route=%2Fwp%2Fv2%2Fcategories&post=32407"},{"taxonomy":"post_tag","embeddable":true,"href":"https:\/\/solidaridadnews.com\/index.php?rest_route=%2Fwp%2Fv2%2Ftags&post=32407"}],"curies":[{"name":"wp","href":"https:\/\/api.w.org\/{rel}","templated":true}]}}