{"id":32391,"date":"2024-03-23T12:39:15","date_gmt":"2024-03-23T17:39:15","guid":{"rendered":"https:\/\/solidaridadnews.com\/?p=32391"},"modified":"2024-03-23T17:39:16","modified_gmt":"2024-03-23T17:39:16","slug":"andrea-legarreta-de-luto-muere-su-sobrino-de-14-anos","status":"publish","type":"post","link":"https:\/\/solidaridadnews.com\/?p=32391","title":{"rendered":"Andrea Legarreta, de luto: muere su sobrino de 14 a\u00f1os"},"content":{"rendered":"<p>Andrea Legarreta se encuentra de luto tras la muerte de su sobrino de 14 a\u00f1os. El joven habr\u00eda sufrido un accidente de motocicleta, lo que lo llev\u00f3 al hospital en donde, finalmente muri\u00f3.<\/p>\n<p>A trav\u00e9s de redes sociales, familiares de Mateo, el sobrino de Andrea Legarreta, confirmaron la noticia. Con varios mensajes de despedida y fotos, dieron el \u00faltimo adi\u00f3s al joven.<\/p>\n<p>Jero D\u00edaz, hermano de Mateo, comparti\u00f3 en su perfil de Instagram una serie de fotograf\u00edas de su hermano al que prometi\u00f3 que nunca ser ir\u00eda de sus corazones.<\/p>\n<p>A la publicaci\u00f3n, Andrea Legarreta reaccion\u00f3 y tambi\u00e9n despidi\u00f3 a su sobrino Mateo, por el que, horas antes, hab\u00eda solicitado donadores de sangre y oraciones por su pronta recuperaci\u00f3n.<\/p>\n<p>\u201cMi ni\u00f1o lindo. El mejor hermano. Los mejores hermanos. Qu\u00e9 afortunados de tenerse y tener a los mejores padres. Siempre ser\u00e1n el mejor equipo, amor. Y Mateo siempre estar\u00e1 acompa\u00f1\u00e1ndolos y viviendo en ustedes. Te amo, mi Jero. Eres grande y maravilloso. Soy muy orgullosa de ser tu manina y la de Mateo. Siempre contigo, amor\u201d, escribi\u00f3 la conductora de televisi\u00f3n.<\/p>\n<p>\u00bfDe qu\u00e9 muri\u00f3 el sobrino de Andrea Legarreta?<br \/>\nEl jueves 21 de marzo, la salud del sobrino de Andrea Legarreta alert\u00f3 luego de sufrir un accidente en moto. A trav\u00e9s de su perfil de Instagram, se inform\u00f3 que el joven, que practicaba motocross, se encontraba delicado.<\/p>\n<p>\u201cEl estado de salud de Mateo es muy muy delicado, la inflamaci\u00f3n de su cerebro no cede y est\u00e1 comprometiendo otros temas de su cuerpo\u201d<\/p>\n<p>De acuerdo el texto compartido en la cuenta de Mateo, el sobrino de Andrea Legarreta, la madre del joven le dijo que necesitaban un milagro. Sin embargo, asegur\u00f3 que le hab\u00eda dado permiso para irse.<\/p>\n<p>\u201cYa habl\u00e9 con mi ni\u00f1o y le dije que, si est\u00e1 listo para irse, estaremos bien. Les pido de todo coraz\u00f3n que sigan orando y pidiendo por la salud de mi Mateo. Hoy m\u00e1s que nunca necesitamos un milagro. Mateo, aqu\u00ed estamos de tu mano mi ni\u00f1o, no te vamos a soltar hasta que t\u00fa lo decidas. Siempre estar\u00e9 agradecida de ser tu mam\u00e1 y de amarte como te amo\u201d<\/p>\n","protected":false},"excerpt":{"rendered":"<p>Andrea Legarreta se encuentra de luto tras la muerte de su sobrino de 14 a\u00f1os. El joven habr\u00eda sufrido un accidente de motocicleta, lo que lo llev\u00f3 al hospital en donde, finalmente muri\u00f3. A trav\u00e9s de redes sociales, familiares de Mateo, el sobrino de Andrea Legarreta, confirmaron la noticia. Con varios mensajes de despedida y [&hellip;]<\/p>\n","protected":false},"author":1,"featured_media":32393,"comment_status":"open","ping_status":"closed","sticky":false,"template":"","format":"standard","meta":{"footnotes":""},"categories":[3],"tags":[],"class_list":["post-32391","post","type-post","status-publish","format-standard","has-post-thumbnail","hentry","category-espectaculos"],"_links":{"self":[{"href":"https:\/\/solidaridadnews.com\/index.php?rest_route=\/wp\/v2\/posts\/32391","targetHints":{"allow":["GET"]}}],"collection":[{"href":"https:\/\/solidaridadnews.com\/index.php?rest_route=\/wp\/v2\/posts"}],"about":[{"href":"https:\/\/solidaridadnews.com\/index.php?rest_route=\/wp\/v2\/types\/post"}],"author":[{"embeddable":true,"href":"https:\/\/solidaridadnews.com\/index.php?rest_route=\/wp\/v2\/users\/1"}],"replies":[{"embeddable":true,"href":"https:\/\/solidaridadnews.com\/index.php?rest_route=%2Fwp%2Fv2%2Fcomments&post=32391"}],"version-history":[{"count":1,"href":"https:\/\/solidaridadnews.com\/index.php?rest_route=\/wp\/v2\/posts\/32391\/revisions"}],"predecessor-version":[{"id":32392,"href":"https:\/\/solidaridadnews.com\/index.php?rest_route=\/wp\/v2\/posts\/32391\/revisions\/32392"}],"wp:featuredmedia":[{"embeddable":true,"href":"https:\/\/solidaridadnews.com\/index.php?rest_route=\/wp\/v2\/media\/32393"}],"wp:attachment":[{"href":"https:\/\/solidaridadnews.com\/index.php?rest_route=%2Fwp%2Fv2%2Fmedia&parent=32391"}],"wp:term":[{"taxonomy":"category","embeddable":true,"href":"https:\/\/solidaridadnews.com\/index.php?rest_route=%2Fwp%2Fv2%2Fcategories&post=32391"},{"taxonomy":"post_tag","embeddable":true,"href":"https:\/\/solidaridadnews.com\/index.php?rest_route=%2Fwp%2Fv2%2Ftags&post=32391"}],"curies":[{"name":"wp","href":"https:\/\/api.w.org\/{rel}","templated":true}]}}