{"id":32379,"date":"2024-03-22T13:36:16","date_gmt":"2024-03-22T18:36:16","guid":{"rendered":"https:\/\/solidaridadnews.com\/?p=32379"},"modified":"2024-03-22T18:36:17","modified_gmt":"2024-03-22T18:36:17","slug":"trabajos-de-cableado-submarino-playa-cozumel-se-postergan-hasta-agosto-proximo","status":"publish","type":"post","link":"https:\/\/solidaridadnews.com\/?p=32379","title":{"rendered":"Trabajos de cableado submarino Playa \u2013 Cozumel, se postergan hasta agosto pr\u00f3ximo"},"content":{"rendered":"<p>El gobierno de Solidaridad lleg\u00f3 a un acuerdo con la Comisi\u00f3n Federal de Electricidad (CFE), para que el cableado submarino de Cozumel comience hasta agosto pr\u00f3ximo.<\/p>\n<p>Lili Campos Miranda, presidenta municipal de Solidaridad, dijo que mientras tanto realizar\u00e1n mesas de trabajo con miras a buscar mejores alternativas y evitar as\u00ed la posible destrucci\u00f3n de la playa 88 , porque el proyecto ejecutivo aprobado por la Secretar\u00eda de Medio Ambiente y Recursos Naturales (Semarnat) ), contempla su intervenci\u00f3n.<\/p>\n<p>\u201cTuvimos una reuni\u00f3n con los ingenieros de CFE. Acordamos que vamos a tener varias mesas de trabajo para que todo estemos en sinton\u00eda y que no vaya afectaci\u00f3n que vaya a provocar que se tuviera que tirar algo de lo que es esta \u00e1rea, sobre todo porque es una playa certificada (&#8230;) lo que se acord\u00f3 es que no iniciar\u00e1n de manera pronta y en caso de iniciar alg\u00fan trabajo es hasta agosto\u201d, dio a conocer Lili Campos.<\/p>\n<p>El proyecto del tendido de cableado submarino desde su aprobaci\u00f3n por la Semarnat y la entrega de la playa 88 a la CFE mediante un acuerdo de destino para que aproveche ese tramo costero, ha levantado pol\u00e9mica porque en la Manifestaci\u00f3n de Impacto Ambiental (MIA) presentada por la paraestatal, se da a conocer que se lanzar\u00e1 un cable por ese tramo costero a Cozumel, con el fin de mejorar la calidad del servicio el\u00e9ctrico a los habitantes de la isla.<\/p>\n<p>\u201cVamos a seguir trabajando y mientras no se vea afectado nuestra playa 88, nuestra gente, Solidaridad pues accederemos a colaborar. En caso que no sea as\u00ed tambi\u00e9n lo vamos a informar y tambi\u00e9n estar\u00edamos cuidando de nuestro municipio\u201d, abund\u00f3.<\/p>\n<p>El proyecto tambi\u00e9n tiene la oposici\u00f3n de que pase por las principales calles de Playa del Carmen porque partir\u00e1 de la subestaci\u00f3n el\u00e9ctrica ubicada en la colonia Ejidal.<\/p>\n<p>En sus primeros tramos ocupar\u00e1 el derecho de v\u00eda de las torres de alta tensi\u00f3n, pero en alg\u00fan momento se desviar\u00e1 para tomar calles y avenidas de la colonia Luis Donaldo Colosio Murrieta.<\/p>\n<p>&nbsp;<\/p>\n","protected":false},"excerpt":{"rendered":"<p>El gobierno de Solidaridad lleg\u00f3 a un acuerdo con la Comisi\u00f3n Federal de Electricidad (CFE), para que el cableado submarino de Cozumel comience hasta agosto pr\u00f3ximo. Lili Campos Miranda, presidenta municipal de Solidaridad, dijo que mientras tanto realizar\u00e1n mesas de trabajo con miras a buscar mejores alternativas y evitar as\u00ed la posible destrucci\u00f3n de la [&hellip;]<\/p>\n","protected":false},"author":1,"featured_media":32381,"comment_status":"open","ping_status":"closed","sticky":false,"template":"","format":"standard","meta":{"footnotes":""},"categories":[4],"tags":[],"class_list":["post-32379","post","type-post","status-publish","format-standard","has-post-thumbnail","hentry","category-local"],"_links":{"self":[{"href":"https:\/\/solidaridadnews.com\/index.php?rest_route=\/wp\/v2\/posts\/32379","targetHints":{"allow":["GET"]}}],"collection":[{"href":"https:\/\/solidaridadnews.com\/index.php?rest_route=\/wp\/v2\/posts"}],"about":[{"href":"https:\/\/solidaridadnews.com\/index.php?rest_route=\/wp\/v2\/types\/post"}],"author":[{"embeddable":true,"href":"https:\/\/solidaridadnews.com\/index.php?rest_route=\/wp\/v2\/users\/1"}],"replies":[{"embeddable":true,"href":"https:\/\/solidaridadnews.com\/index.php?rest_route=%2Fwp%2Fv2%2Fcomments&post=32379"}],"version-history":[{"count":1,"href":"https:\/\/solidaridadnews.com\/index.php?rest_route=\/wp\/v2\/posts\/32379\/revisions"}],"predecessor-version":[{"id":32380,"href":"https:\/\/solidaridadnews.com\/index.php?rest_route=\/wp\/v2\/posts\/32379\/revisions\/32380"}],"wp:featuredmedia":[{"embeddable":true,"href":"https:\/\/solidaridadnews.com\/index.php?rest_route=\/wp\/v2\/media\/32381"}],"wp:attachment":[{"href":"https:\/\/solidaridadnews.com\/index.php?rest_route=%2Fwp%2Fv2%2Fmedia&parent=32379"}],"wp:term":[{"taxonomy":"category","embeddable":true,"href":"https:\/\/solidaridadnews.com\/index.php?rest_route=%2Fwp%2Fv2%2Fcategories&post=32379"},{"taxonomy":"post_tag","embeddable":true,"href":"https:\/\/solidaridadnews.com\/index.php?rest_route=%2Fwp%2Fv2%2Ftags&post=32379"}],"curies":[{"name":"wp","href":"https:\/\/api.w.org\/{rel}","templated":true}]}}