{"id":32370,"date":"2024-03-22T12:05:11","date_gmt":"2024-03-22T17:05:11","guid":{"rendered":"https:\/\/solidaridadnews.com\/?p=32370"},"modified":"2024-03-22T17:05:12","modified_gmt":"2024-03-22T17:05:12","slug":"belinda-habla-desde-el-hospital-revela-que-pudo-llevarla-al-colapso","status":"publish","type":"post","link":"https:\/\/solidaridadnews.com\/?p=32370","title":{"rendered":"Belinda habla desde el hospital: revela qu\u00e9 pudo llevarla al \u201ccolapso\u201d"},"content":{"rendered":"<p>Belinda \u201creaparece\u201d y manda mensaje tras ser hospitalizada. Foto: Cuartoscuro<br \/>\nBelinda reapareci\u00f3 en redes sociales luego de darse a conocer que hab\u00eda ingresado al hospital. A trav\u00e9s de sus historias de Instagram, la cantante revel\u00f3 las causas que la habr\u00eda llevado a necesitar atenci\u00f3n m\u00e9dica.<\/p>\n<p>Con un mensaje, la cantante, que lanz\u00f3 el tema \u201cCactus\u201d con dedicatoria a Christian Nodal, afirm\u00f3 que habr\u00eda sido la excesiva carga de trabajo la que termin\u00f3 por colapsarla.<\/p>\n<p>\u201cEstos meses he trabajado much\u00edsimo sin parar. Estoy terminando mi disco y, al mismo tiempo, haciendo una serie que requiere de much\u00edsimo trabajo y disciplina. A veces dejamos los temas de salud para despu\u00e9s y esto fue lo que me caus\u00f3 este colapso\u201d.<\/p>\n<p>En el peque\u00f1o comunicado, Belinda dijo que espera que la recuperaci\u00f3n llegue pronto, pues desea continuar con los compromisos que tiene previstos.<\/p>\n<p>\u201cLos amo y espero recuperarme pronto para seguir con mis compromisos\u201d.<\/p>\n<p>Adem\u00e1s, la cantante agradeci\u00f3 las muestras de cari\u00f1o y preocupaci\u00f3n que recibe por parte de sus fans desde que se inform\u00f3 su ingreso al hospital.<\/p>\n<p>\u201cA todos los que me est\u00e1n preguntando y mandando mensajitos de apoyo, muchas gracias\u201d.<\/p>\n<p>La ma\u00f1ana de este marte 21, Belinda preocup\u00f3 a sus fans por su estado de salud. Mediante un comunicado, el equipo de trabajo de la cantante confirm\u00f3 que tuvo que ser ingresada al hospital.<\/p>\n<p>Sin embargo, en el anuncio oficial del equipo de la actriz de \u201cAmigos por siempre\u201d no se dieron m\u00e1s detalles del reporte de salud ni de las causas que la llevaron a ingresar al centro m\u00e9dico.<\/p>\n<p>Derivado de la hospitalizaci\u00f3n de Belinda, se inform\u00f3 que el concierto previsto en Veracruz no podr\u00eda celebrarse. Sin embargo, afirmaron que se esperaba poder reprogramar la presentaci\u00f3n.<\/p>\n<p>Desde ese momento, los fieles seguidores de la cantante no han parado de escribirle mensajes positivos, mostrando que desean su pronta recuperaci\u00f3n.<\/p>\n","protected":false},"excerpt":{"rendered":"<p>Belinda \u201creaparece\u201d y manda mensaje tras ser hospitalizada. Foto: Cuartoscuro Belinda reapareci\u00f3 en redes sociales luego de darse a conocer que hab\u00eda ingresado al hospital. A trav\u00e9s de sus historias de Instagram, la cantante revel\u00f3 las causas que la habr\u00eda llevado a necesitar atenci\u00f3n m\u00e9dica. Con un mensaje, la cantante, que lanz\u00f3 el tema \u201cCactus\u201d [&hellip;]<\/p>\n","protected":false},"author":1,"featured_media":32372,"comment_status":"open","ping_status":"closed","sticky":false,"template":"","format":"standard","meta":{"footnotes":""},"categories":[3],"tags":[],"class_list":["post-32370","post","type-post","status-publish","format-standard","has-post-thumbnail","hentry","category-espectaculos"],"_links":{"self":[{"href":"https:\/\/solidaridadnews.com\/index.php?rest_route=\/wp\/v2\/posts\/32370","targetHints":{"allow":["GET"]}}],"collection":[{"href":"https:\/\/solidaridadnews.com\/index.php?rest_route=\/wp\/v2\/posts"}],"about":[{"href":"https:\/\/solidaridadnews.com\/index.php?rest_route=\/wp\/v2\/types\/post"}],"author":[{"embeddable":true,"href":"https:\/\/solidaridadnews.com\/index.php?rest_route=\/wp\/v2\/users\/1"}],"replies":[{"embeddable":true,"href":"https:\/\/solidaridadnews.com\/index.php?rest_route=%2Fwp%2Fv2%2Fcomments&post=32370"}],"version-history":[{"count":1,"href":"https:\/\/solidaridadnews.com\/index.php?rest_route=\/wp\/v2\/posts\/32370\/revisions"}],"predecessor-version":[{"id":32371,"href":"https:\/\/solidaridadnews.com\/index.php?rest_route=\/wp\/v2\/posts\/32370\/revisions\/32371"}],"wp:featuredmedia":[{"embeddable":true,"href":"https:\/\/solidaridadnews.com\/index.php?rest_route=\/wp\/v2\/media\/32372"}],"wp:attachment":[{"href":"https:\/\/solidaridadnews.com\/index.php?rest_route=%2Fwp%2Fv2%2Fmedia&parent=32370"}],"wp:term":[{"taxonomy":"category","embeddable":true,"href":"https:\/\/solidaridadnews.com\/index.php?rest_route=%2Fwp%2Fv2%2Fcategories&post=32370"},{"taxonomy":"post_tag","embeddable":true,"href":"https:\/\/solidaridadnews.com\/index.php?rest_route=%2Fwp%2Fv2%2Ftags&post=32370"}],"curies":[{"name":"wp","href":"https:\/\/api.w.org\/{rel}","templated":true}]}}