{"id":32352,"date":"2024-03-21T12:33:09","date_gmt":"2024-03-21T17:33:09","guid":{"rendered":"https:\/\/solidaridadnews.com\/?p=32352"},"modified":"2024-03-21T17:33:10","modified_gmt":"2024-03-21T17:33:10","slug":"industria-de-plasticos-de-queretaro-proyecta-crecimiento-de-8-en-primer-semestre","status":"publish","type":"post","link":"https:\/\/solidaridadnews.com\/?p=32352","title":{"rendered":"Industria de pl\u00e1sticos de Quer\u00e9taro proyecta crecimiento de 8% en primer semestre"},"content":{"rendered":"<p>Quer\u00e9taro, Qro. La industria de pl\u00e1sticos espera alcanzar un crecimiento en ventas del 8% anual, en el primer semestre del a\u00f1o, estim\u00f3 el presidente del Cl\u00faster de Pl\u00e1sticos de Quer\u00e9taro, Arturo Nava Guerrero.<\/p>\n<p>Las expectativas para el segundo semestre, expuso, est\u00e1n a reserva del comportamiento que mantenga la actividad econ\u00f3mica y los efectos que tenga el proceso electoral.<\/p>\n<p>La proyecci\u00f3n para la primera mitad del a\u00f1o se encuentra por debajo del alza de entre 10 y 15% con el que la industria cerr\u00f3 en el 2023.<\/p>\n<p>No obstante, previ\u00f3 que si en el segundo semestre se mantiene la inercia con la que el sector arranc\u00f3 el 2024 podr\u00eda finalizar el a\u00f1o con un crecimiento similar al del 2023.<\/p>\n<p>\u201cEn el primer semestre esperamos estar creciendo alrededor de 8%, creemos que es un n\u00famero razonable y tendremos que ver \u2014el pron\u00f3stico es reservado, del segundo semestre\u2014 c\u00f3mo nos va a impactar. Si continuamos la tendencia del arranque de a\u00f1o, si lo proyect\u00e1ramos hasta fin de a\u00f1o, estamos hablando de un crecimiento igual muy posiblemente entre 10 y 15%\u201d, apunt\u00f3.<\/p>\n<p>De momento, se mantienen cautos ante el tipo de cambio, despu\u00e9s de que en 2023 merm\u00f3 en casi 15% las utilidades de las exportadoras.<\/p>\n<p>\u201cEl tipo de d\u00f3lar creemos que se va a mantener estable, esperemos que con el tema electoral\u2026 de alguna manera se mantenga estable, sin embargo, es un \u00e1rea que todo mundo vemos con precauci\u00f3n, pues vamos a esperar a ver qu\u00e9 pasa, para ver c\u00f3mo nos vamos a reorganizar\u201d, expuso.<\/p>\n<p>Un factor positivo, dijo, es la recuperaci\u00f3n del mercado estadounidense; adem\u00e1s del aumento en la demanda de proveedur\u00eda de Norteam\u00e9rica, que se refleja en requerimientos para las industrias de electrodom\u00e9sticos y automotriz.<\/p>\n<p>Las compras que hizo el gobierno federal para atender la contingencia por el hurac\u00e1n Otis, a\u00f1adi\u00f3, tambi\u00e9n han aumentado la demanda para los fabricantes mexicanos de electrodom\u00e9sticos.<\/p>\n<p>\u201cTenemos proyectos de electrodom\u00e9sticos, automotrices que ya nos empiezan a decir que tienen que ser de Norteam\u00e9rica, hay proyectos sobre todo en Ford y en General Motors que ya su condici\u00f3n es: no quiero productos que sean fabricados en Asia, tiene que ser productos 100% Norteam\u00e9rica y eso est\u00e1 dando un fuerte impulso al crecimiento del desarrollo de nuevas partes para a nivel Tier 2, Tier 1\u201d, expuso.<\/p>\n<p>Por tanto, el sector trabaja en cubrir la demanda, as\u00ed como en estrategias de protecci\u00f3n ante el tipo de cambio, debido al impacto en costos que ha generado la apreciaci\u00f3n de la moneda nacional.<\/p>\n<p>Tambi\u00e9n est\u00e1n enfrentando un aumento en los costos de mano de obra, a lo que se a\u00f1aden los desaf\u00edos para retener talento; el industrial explic\u00f3 que deben ser innovadores para lograr una conexi\u00f3n entre el trabajador y la empresa, que redit\u00fae en la permanencia del colaborador.<\/p>\n<p>Por tanto, habl\u00f3 de la importancia de que haya un mayor compromiso entre los trabajadores y las empresas, as\u00ed como emplear estrategias de responsabilidad social y cuidado al medio ambiente.<\/p>\n","protected":false},"excerpt":{"rendered":"<p>Quer\u00e9taro, Qro. La industria de pl\u00e1sticos espera alcanzar un crecimiento en ventas del 8% anual, en el primer semestre del a\u00f1o, estim\u00f3 el presidente del Cl\u00faster de Pl\u00e1sticos de Quer\u00e9taro, Arturo Nava Guerrero. Las expectativas para el segundo semestre, expuso, est\u00e1n a reserva del comportamiento que mantenga la actividad econ\u00f3mica y los efectos que tenga [&hellip;]<\/p>\n","protected":false},"author":1,"featured_media":32354,"comment_status":"open","ping_status":"closed","sticky":false,"template":"","format":"standard","meta":{"footnotes":""},"categories":[2],"tags":[],"class_list":["post-32352","post","type-post","status-publish","format-standard","has-post-thumbnail","hentry","category-nacional"],"_links":{"self":[{"href":"https:\/\/solidaridadnews.com\/index.php?rest_route=\/wp\/v2\/posts\/32352","targetHints":{"allow":["GET"]}}],"collection":[{"href":"https:\/\/solidaridadnews.com\/index.php?rest_route=\/wp\/v2\/posts"}],"about":[{"href":"https:\/\/solidaridadnews.com\/index.php?rest_route=\/wp\/v2\/types\/post"}],"author":[{"embeddable":true,"href":"https:\/\/solidaridadnews.com\/index.php?rest_route=\/wp\/v2\/users\/1"}],"replies":[{"embeddable":true,"href":"https:\/\/solidaridadnews.com\/index.php?rest_route=%2Fwp%2Fv2%2Fcomments&post=32352"}],"version-history":[{"count":1,"href":"https:\/\/solidaridadnews.com\/index.php?rest_route=\/wp\/v2\/posts\/32352\/revisions"}],"predecessor-version":[{"id":32353,"href":"https:\/\/solidaridadnews.com\/index.php?rest_route=\/wp\/v2\/posts\/32352\/revisions\/32353"}],"wp:featuredmedia":[{"embeddable":true,"href":"https:\/\/solidaridadnews.com\/index.php?rest_route=\/wp\/v2\/media\/32354"}],"wp:attachment":[{"href":"https:\/\/solidaridadnews.com\/index.php?rest_route=%2Fwp%2Fv2%2Fmedia&parent=32352"}],"wp:term":[{"taxonomy":"category","embeddable":true,"href":"https:\/\/solidaridadnews.com\/index.php?rest_route=%2Fwp%2Fv2%2Fcategories&post=32352"},{"taxonomy":"post_tag","embeddable":true,"href":"https:\/\/solidaridadnews.com\/index.php?rest_route=%2Fwp%2Fv2%2Ftags&post=32352"}],"curies":[{"name":"wp","href":"https:\/\/api.w.org\/{rel}","templated":true}]}}