{"id":32346,"date":"2024-03-21T10:21:57","date_gmt":"2024-03-21T15:21:57","guid":{"rendered":"https:\/\/solidaridadnews.com\/?p=32346"},"modified":"2024-03-21T15:21:59","modified_gmt":"2024-03-21T15:21:59","slug":"susie-wolf-demanda-a-la-fia-por-falta-de-transparencia","status":"publish","type":"post","link":"https:\/\/solidaridadnews.com\/?p=32346","title":{"rendered":"Susie Wolf demanda a la FIA por falta de transparencia"},"content":{"rendered":"<p>La directora general de la F1 Academy, Susie Wolff, ha procedido legalmente contra la Federaci\u00f3n Internacional de Automovilismo (FIA) tras las acusaciones de conflicto de intereses realizadas en diciembre de 2023, las cuales se fundamentaron en un reporte de BusinessF1.<\/p>\n<p>Susie Wolff confirm\u00f3 a trav\u00e9s de sus redes sociales que present\u00f3 una demanda criminal ante la corte francesa el pasado 4 de marzo en relaci\u00f3n con el comunicado emitido por la FIA en diciembre.<\/p>\n<p>\u00abLa FIA no ha mostrado transparencia ni responsabilidad en relaci\u00f3n a su conducta o de su personal en este asunto. Siento que dar un paso al frente hoy es m\u00e1s importante que nunca. Levantar la voz contra el comportamiento inapropiado y asegurarse que las personas tomen responsabilidad de sus actos. Algunos creen que el silencio los absuelve de toda responsabilidad y no es as\u00ed\u00bb.<\/p>\n<p>Seg\u00fan varios medios de comunicaci\u00f3n, la FIA llev\u00f3 a cabo una investigaci\u00f3n para determinar si Toto Wolff, esposo de Susie Wolff y director de la escuder\u00eda Mercedes, ten\u00eda acceso a informaci\u00f3n privilegiada sobre las actividades de Formula One Management (FOM), incluidos informes detallados sobre las cumbres entre los directores de equipo.<\/p>\n","protected":false},"excerpt":{"rendered":"<p>La directora general de la F1 Academy, Susie Wolff, ha procedido legalmente contra la Federaci\u00f3n Internacional de Automovilismo (FIA) tras las acusaciones de conflicto de intereses realizadas en diciembre de 2023, las cuales se fundamentaron en un reporte de BusinessF1. Susie Wolff confirm\u00f3 a trav\u00e9s de sus redes sociales que present\u00f3 una demanda criminal ante [&hellip;]<\/p>\n","protected":false},"author":1,"featured_media":32348,"comment_status":"open","ping_status":"closed","sticky":false,"template":"","format":"standard","meta":{"footnotes":""},"categories":[6],"tags":[],"class_list":["post-32346","post","type-post","status-publish","format-standard","has-post-thumbnail","hentry","category-deportes"],"_links":{"self":[{"href":"https:\/\/solidaridadnews.com\/index.php?rest_route=\/wp\/v2\/posts\/32346","targetHints":{"allow":["GET"]}}],"collection":[{"href":"https:\/\/solidaridadnews.com\/index.php?rest_route=\/wp\/v2\/posts"}],"about":[{"href":"https:\/\/solidaridadnews.com\/index.php?rest_route=\/wp\/v2\/types\/post"}],"author":[{"embeddable":true,"href":"https:\/\/solidaridadnews.com\/index.php?rest_route=\/wp\/v2\/users\/1"}],"replies":[{"embeddable":true,"href":"https:\/\/solidaridadnews.com\/index.php?rest_route=%2Fwp%2Fv2%2Fcomments&post=32346"}],"version-history":[{"count":1,"href":"https:\/\/solidaridadnews.com\/index.php?rest_route=\/wp\/v2\/posts\/32346\/revisions"}],"predecessor-version":[{"id":32347,"href":"https:\/\/solidaridadnews.com\/index.php?rest_route=\/wp\/v2\/posts\/32346\/revisions\/32347"}],"wp:featuredmedia":[{"embeddable":true,"href":"https:\/\/solidaridadnews.com\/index.php?rest_route=\/wp\/v2\/media\/32348"}],"wp:attachment":[{"href":"https:\/\/solidaridadnews.com\/index.php?rest_route=%2Fwp%2Fv2%2Fmedia&parent=32346"}],"wp:term":[{"taxonomy":"category","embeddable":true,"href":"https:\/\/solidaridadnews.com\/index.php?rest_route=%2Fwp%2Fv2%2Fcategories&post=32346"},{"taxonomy":"post_tag","embeddable":true,"href":"https:\/\/solidaridadnews.com\/index.php?rest_route=%2Fwp%2Fv2%2Ftags&post=32346"}],"curies":[{"name":"wp","href":"https:\/\/api.w.org\/{rel}","templated":true}]}}