{"id":32339,"date":"2024-03-20T10:57:34","date_gmt":"2024-03-20T15:57:34","guid":{"rendered":"https:\/\/solidaridadnews.com\/?p=32339"},"modified":"2024-03-20T16:10:10","modified_gmt":"2024-03-20T16:10:10","slug":"pablo-guzman-en-el-11-ideal-de-la-liga-premier","status":"publish","type":"post","link":"https:\/\/solidaridadnews.com\/?p=32339","title":{"rendered":"Pablo Guzm\u00e1n, en el \u201c11 ideal\u201d de la Liga Premier"},"content":{"rendered":"<p>Luego dejar en cero a la ofensiva del l\u00edder Racing FC Porto Palmeiras con el apoyo de sus compa\u00f1eros, el defensa central del Inter Playa del Carmen, Pablo Guzm\u00e1n Galicia fue incluido en el \u201911 Ideal\u2019 de la jornada 28 de la Temporada 2023-2024 de la Serie \u2018A\u2019 de la Liga Premier.<\/p>\n<p>El camiseta #3 disput\u00f3 los 90 minutos con la escuadra dirigida por Carlos Bracamontes Zenizo mostrando la solidez, el buen juego a\u00e9reo y la anticipaci\u00f3n que le caracteriza.<\/p>\n<p>Guzm\u00e1n Galicia estuvo atento en cada una de las coberturas que realiz\u00f3, siendo pieza clave en la victoria por 0-2 del equipo del coraz\u00f3n de la Riviera Maya en territorio veracruzano.<\/p>\n<p>Junto a Pablo Guzm\u00e1n tambi\u00e9n est\u00e1n en el \u201911 Ideal\u2019 el portero Manuel Fimbres (Cimarrones de Sonora); y los defensas Axel Cruz (Los Cabos United); Pedro Hermida (Monta\u00f1eses FC); y Jorge Gayt\u00e1n (Irapuato).<\/p>\n<p>En la media cancha aparecen Adri\u00e1n Lozano (Alacranes de Durango); Omar Vida\u00f1a (Tampico Madero) y Sebasti\u00e1n Caicedo (Tritones Vallarta); mientras que en la delantera est\u00e1n Klinsman Calder\u00f3n (Cafetaleros de Chiapas); Hugo Torres (Sporting Canamy); y Eleuterio Jim\u00e9nez (Reboceros de La Piedad).<\/p>\n<p>El Inter Playa del Carmen se ubica en el noveno sitio del Grupo 2 con 42 unidades y en la fecha 29 recibir\u00e1 a Cafetaleros de Chiapas, el viernes 22 de marzo a las 18:00 horas en la Unidad Deportiva \u2018Mario Villanueva Madrid\u2019.<\/p>\n","protected":false},"excerpt":{"rendered":"<p>Luego dejar en cero a la ofensiva del l\u00edder Racing FC Porto Palmeiras con el apoyo de sus compa\u00f1eros, el defensa central del Inter Playa del Carmen, Pablo Guzm\u00e1n Galicia fue incluido en el \u201911 Ideal\u2019 de la jornada 28 de la Temporada 2023-2024 de la Serie \u2018A\u2019 de la Liga Premier. El camiseta #3 [&hellip;]<\/p>\n","protected":false},"author":1,"featured_media":32342,"comment_status":"open","ping_status":"closed","sticky":false,"template":"","format":"standard","meta":{"footnotes":""},"categories":[4],"tags":[],"class_list":["post-32339","post","type-post","status-publish","format-standard","has-post-thumbnail","hentry","category-local"],"_links":{"self":[{"href":"https:\/\/solidaridadnews.com\/index.php?rest_route=\/wp\/v2\/posts\/32339","targetHints":{"allow":["GET"]}}],"collection":[{"href":"https:\/\/solidaridadnews.com\/index.php?rest_route=\/wp\/v2\/posts"}],"about":[{"href":"https:\/\/solidaridadnews.com\/index.php?rest_route=\/wp\/v2\/types\/post"}],"author":[{"embeddable":true,"href":"https:\/\/solidaridadnews.com\/index.php?rest_route=\/wp\/v2\/users\/1"}],"replies":[{"embeddable":true,"href":"https:\/\/solidaridadnews.com\/index.php?rest_route=%2Fwp%2Fv2%2Fcomments&post=32339"}],"version-history":[{"count":1,"href":"https:\/\/solidaridadnews.com\/index.php?rest_route=\/wp\/v2\/posts\/32339\/revisions"}],"predecessor-version":[{"id":32340,"href":"https:\/\/solidaridadnews.com\/index.php?rest_route=\/wp\/v2\/posts\/32339\/revisions\/32340"}],"wp:featuredmedia":[{"embeddable":true,"href":"https:\/\/solidaridadnews.com\/index.php?rest_route=\/wp\/v2\/media\/32342"}],"wp:attachment":[{"href":"https:\/\/solidaridadnews.com\/index.php?rest_route=%2Fwp%2Fv2%2Fmedia&parent=32339"}],"wp:term":[{"taxonomy":"category","embeddable":true,"href":"https:\/\/solidaridadnews.com\/index.php?rest_route=%2Fwp%2Fv2%2Fcategories&post=32339"},{"taxonomy":"post_tag","embeddable":true,"href":"https:\/\/solidaridadnews.com\/index.php?rest_route=%2Fwp%2Fv2%2Ftags&post=32339"}],"curies":[{"name":"wp","href":"https:\/\/api.w.org\/{rel}","templated":true}]}}