{"id":32336,"date":"2024-03-20T10:37:25","date_gmt":"2024-03-20T15:37:25","guid":{"rendered":"https:\/\/solidaridadnews.com\/?p=32336"},"modified":"2024-03-20T15:37:26","modified_gmt":"2024-03-20T15:37:26","slug":"japon-nombra-a-godzilla-jefe-de-policia-por-un-dia","status":"publish","type":"post","link":"https:\/\/solidaridadnews.com\/?p=32336","title":{"rendered":"Jap\u00f3n nombra a Godzilla jefe de polic\u00eda por un d\u00eda"},"content":{"rendered":"<p>El famoso monstruo japon\u00e9s Godzilla tom\u00f3 las calles de Tokio el pasado s\u00e1bado en un desfile organizado por la polic\u00eda local del distrito de Ikebukuro. A trav\u00e9s de un video compartido por las autoridades de Jap\u00f3n se ve al monstruo radiactivo llegar a la base policial donde recibe una banda en la que se lee \u201cJefe de polic\u00eda\u201d.<\/p>\n<p>Designado como \u00abjefe por un d\u00eda\u00bb por el jefe de la Estaci\u00f3n de Polic\u00eda de Ikebukuro, Godzilla hizo su grandiosa aparici\u00f3n en el vest\u00edbulo de la estaci\u00f3n de polic\u00eda al ritmo de su canci\u00f3n caracter\u00edstica, generando un gran revuelo entre los presentes. Aunque este legendario kaiju es m\u00e1s conocido por su capacidad para causar estragos en la capital japonesa, en esta ocasi\u00f3n fue un s\u00edmbolo de conciencia y seguridad vial.<\/p>\n<p>El peculiar nombramiento fue acompa\u00f1ado de un desfile para promover la seguridad vial antes de la pr\u00f3xima campa\u00f1a nacional anual en abril para aumentar la conciencia p\u00fablica sobre este importante tema. As\u00ed, los tokiotas pudieron ver a Godzilla recorrer y vigilar las calles de su ciudad.<\/p>\n<p>Ataviado con un imponente traje del famoso monstruo, la persona que representaba a Godzilla fue honrada como jefe honorario de la polic\u00eda por un d\u00eda. El desfile atrajo la atenci\u00f3n de fan\u00e1ticos y transe\u00fantes, por igual, quienes no pudieron resistirse a capturar el momento en fotograf\u00edas y v\u00eddeos.<\/p>\n<p>Algunos usuarios comentaron:<\/p>\n<p>\u00a1Bravo, Godzilla! \u00a1Bravo, Jap\u00f3n!<br \/>\nNo entiendo si en cada pel\u00edcula destruye la ciudad, como lo pueden nombrar jefe de polic\u00eda.<br \/>\nMirad qu\u00e9 orgulloso desfila con su banda y todo. Imagina que est\u00e1s en un operativo y dices \u00abjefe, necesitamos refuerzos\u00bb.<br \/>\nHonor a quien honor merece. Jaja.<br \/>\n\u00b7 Nombrar a Godzilla jefe de seguridad es buena y ala idea al mismo tiempo.<br \/>\nLa presencia de Godzilla en las calles de Ikebukuro cre\u00f3 una atm\u00f3sfera de emoci\u00f3n y asombro, destacando la importancia de la seguridad del tr\u00e1fico de una manera \u00fanica y memorable.<\/p>\n<p>Las autoridades de Jap\u00f3n aseguraron que este evento no solo sirvi\u00f3 como una experiencia inolvidable para los residentes de Tokio, sino que tambi\u00e9n transmiti\u00f3 un mensaje claro sobre la importancia de la seguridad vial en la comunidad.<\/p>\n<p>Con Godzilla liderando el camino, la campa\u00f1a anual para aumentar la conciencia sobre la seguridad del tr\u00e1fico promete ser m\u00e1s impactante que nunca.<\/p>\n","protected":false},"excerpt":{"rendered":"<p>El famoso monstruo japon\u00e9s Godzilla tom\u00f3 las calles de Tokio el pasado s\u00e1bado en un desfile organizado por la polic\u00eda local del distrito de Ikebukuro. A trav\u00e9s de un video compartido por las autoridades de Jap\u00f3n se ve al monstruo radiactivo llegar a la base policial donde recibe una banda en la que se lee [&hellip;]<\/p>\n","protected":false},"author":1,"featured_media":32338,"comment_status":"open","ping_status":"closed","sticky":false,"template":"","format":"standard","meta":{"footnotes":""},"categories":[9],"tags":[],"class_list":["post-32336","post","type-post","status-publish","format-standard","has-post-thumbnail","hentry","category-internacional"],"_links":{"self":[{"href":"https:\/\/solidaridadnews.com\/index.php?rest_route=\/wp\/v2\/posts\/32336","targetHints":{"allow":["GET"]}}],"collection":[{"href":"https:\/\/solidaridadnews.com\/index.php?rest_route=\/wp\/v2\/posts"}],"about":[{"href":"https:\/\/solidaridadnews.com\/index.php?rest_route=\/wp\/v2\/types\/post"}],"author":[{"embeddable":true,"href":"https:\/\/solidaridadnews.com\/index.php?rest_route=\/wp\/v2\/users\/1"}],"replies":[{"embeddable":true,"href":"https:\/\/solidaridadnews.com\/index.php?rest_route=%2Fwp%2Fv2%2Fcomments&post=32336"}],"version-history":[{"count":1,"href":"https:\/\/solidaridadnews.com\/index.php?rest_route=\/wp\/v2\/posts\/32336\/revisions"}],"predecessor-version":[{"id":32337,"href":"https:\/\/solidaridadnews.com\/index.php?rest_route=\/wp\/v2\/posts\/32336\/revisions\/32337"}],"wp:featuredmedia":[{"embeddable":true,"href":"https:\/\/solidaridadnews.com\/index.php?rest_route=\/wp\/v2\/media\/32338"}],"wp:attachment":[{"href":"https:\/\/solidaridadnews.com\/index.php?rest_route=%2Fwp%2Fv2%2Fmedia&parent=32336"}],"wp:term":[{"taxonomy":"category","embeddable":true,"href":"https:\/\/solidaridadnews.com\/index.php?rest_route=%2Fwp%2Fv2%2Fcategories&post=32336"},{"taxonomy":"post_tag","embeddable":true,"href":"https:\/\/solidaridadnews.com\/index.php?rest_route=%2Fwp%2Fv2%2Ftags&post=32336"}],"curies":[{"name":"wp","href":"https:\/\/api.w.org\/{rel}","templated":true}]}}