{"id":32327,"date":"2024-03-20T09:07:10","date_gmt":"2024-03-20T14:07:10","guid":{"rendered":"https:\/\/solidaridadnews.com\/?p=32327"},"modified":"2024-03-20T14:07:12","modified_gmt":"2024-03-20T14:07:12","slug":"monserrat-rendon-sobre-su-pelea-ante-zheleznykova-sueno-con-ser-campeona","status":"publish","type":"post","link":"https:\/\/solidaridadnews.com\/?p=32327","title":{"rendered":"Monserrat Rend\u00f3n sobre su pelea ante Zheleznykova: &#8216;Sue\u00f1o con ser campeona&#8217;"},"content":{"rendered":"<p>\u00abYo igual sue\u00f1o con ser campeona\u00bb, indic\u00f3 en entrevista exclusiva con R\u00c9CORD Montserrat Rend\u00f3n, la primera peleadora quintanarroense en llegar a la UFC.<\/p>\n<p>La &#8216;Monster&#8217; (6-0-0) afrontar\u00e1 este s\u00e1bado su segundo reto en el enjaulado m\u00e1s importante del mundo ante la rusa Dariya Zheleznykova (8-1-0), por lo que ya se encuentra en Las Vegas afinando detalles.<\/p>\n<p>\u00abEstoy superfeliz, motivada, la verdad es que ha sido un campamento buen\u00edsimo y ya estamos aqu\u00ed en Las Vegas, esta semana es cuando se comienza a vivir la adrenalina de la pelea y ya estoy lista\u00bb, expres\u00f3 la talentosa artemarcialista.<\/p>\n<p>Recordando su debut en UFC, Rend\u00f3n comparti\u00f3 sus emociones y su determinaci\u00f3n por mantener su racha invicta.<\/p>\n<p>\u00abLa verdad, mi debut fue so\u00f1ado, simplemente por ganar fue incre\u00edble. Desde que comenzamos dec\u00edamos: \u00abno me estoy preparando para la siguiente pelea, estamos prepar\u00e1ndonos para la UFC\u00bb. Tantas veces lo so\u00f1amos y se pudo lograr, ahora queremos seguir con esta racha, este invicto y poniendo en alto el nombre de M\u00e9xico\u00bb, coment\u00f3 la peleadora.<\/p>\n<p>Montserrat tambi\u00e9n habl\u00f3 sobre su inspiraci\u00f3n en la campeona Alexa Grasso, a quien sigue desde hace mucho tiempo.<\/p>\n<p>\u00abAlexa siempre fue mi inspiraci\u00f3n, no ahorita que es campeona, yo la admiro desde siempre, es una chica que est\u00e1 todo el tiempo con los pies en la tierra, siempre humilde, es aguerrida, pero a la vez linda persona\u00bb, elogi\u00f3 la nacida en Canc\u00fan, quien sue\u00f1a con seguir los pasos de la tapat\u00eda. \u00abYo igual sue\u00f1o con ser campeona, sue\u00f1o con ir escalando poco a poco para que me den esa gran oportunidad\u00bb, agreg\u00f3.<\/p>\n<p>Respecto a su pr\u00f3xima pelea, Rend\u00f3n est\u00e1 lista para buscar su primera finalizaci\u00f3n, ya que todas sus victorias han sido por la v\u00eda de las tarjetas.<\/p>\n<p>\u00abEstoy lista para lo que sea, para dar una guerra. Lo que quiero es terminar la pelea, ahora si vengo con toda la disposici\u00f3n de terminarla, no quiero irme a la decisi\u00f3n, quiero terminar la pelea y as\u00ed va a ser\u00bb, finaliz\u00f3.<\/p>\n","protected":false},"excerpt":{"rendered":"<p>\u00abYo igual sue\u00f1o con ser campeona\u00bb, indic\u00f3 en entrevista exclusiva con R\u00c9CORD Montserrat Rend\u00f3n, la primera peleadora quintanarroense en llegar a la UFC. La &#8216;Monster&#8217; (6-0-0) afrontar\u00e1 este s\u00e1bado su segundo reto en el enjaulado m\u00e1s importante del mundo ante la rusa Dariya Zheleznykova (8-1-0), por lo que ya se encuentra en Las Vegas afinando [&hellip;]<\/p>\n","protected":false},"author":1,"featured_media":32329,"comment_status":"open","ping_status":"closed","sticky":false,"template":"","format":"standard","meta":{"footnotes":""},"categories":[6],"tags":[],"class_list":["post-32327","post","type-post","status-publish","format-standard","has-post-thumbnail","hentry","category-deportes"],"_links":{"self":[{"href":"https:\/\/solidaridadnews.com\/index.php?rest_route=\/wp\/v2\/posts\/32327","targetHints":{"allow":["GET"]}}],"collection":[{"href":"https:\/\/solidaridadnews.com\/index.php?rest_route=\/wp\/v2\/posts"}],"about":[{"href":"https:\/\/solidaridadnews.com\/index.php?rest_route=\/wp\/v2\/types\/post"}],"author":[{"embeddable":true,"href":"https:\/\/solidaridadnews.com\/index.php?rest_route=\/wp\/v2\/users\/1"}],"replies":[{"embeddable":true,"href":"https:\/\/solidaridadnews.com\/index.php?rest_route=%2Fwp%2Fv2%2Fcomments&post=32327"}],"version-history":[{"count":1,"href":"https:\/\/solidaridadnews.com\/index.php?rest_route=\/wp\/v2\/posts\/32327\/revisions"}],"predecessor-version":[{"id":32328,"href":"https:\/\/solidaridadnews.com\/index.php?rest_route=\/wp\/v2\/posts\/32327\/revisions\/32328"}],"wp:featuredmedia":[{"embeddable":true,"href":"https:\/\/solidaridadnews.com\/index.php?rest_route=\/wp\/v2\/media\/32329"}],"wp:attachment":[{"href":"https:\/\/solidaridadnews.com\/index.php?rest_route=%2Fwp%2Fv2%2Fmedia&parent=32327"}],"wp:term":[{"taxonomy":"category","embeddable":true,"href":"https:\/\/solidaridadnews.com\/index.php?rest_route=%2Fwp%2Fv2%2Fcategories&post=32327"},{"taxonomy":"post_tag","embeddable":true,"href":"https:\/\/solidaridadnews.com\/index.php?rest_route=%2Fwp%2Fv2%2Ftags&post=32327"}],"curies":[{"name":"wp","href":"https:\/\/api.w.org\/{rel}","templated":true}]}}