{"id":32321,"date":"2024-03-19T12:11:55","date_gmt":"2024-03-19T17:11:55","guid":{"rendered":"https:\/\/solidaridadnews.com\/?p=32321"},"modified":"2024-03-19T17:11:56","modified_gmt":"2024-03-19T17:11:56","slug":"presos-sin-poder-votar-tras-mandato-que-les-abria-la-posibilidad","status":"publish","type":"post","link":"https:\/\/solidaridadnews.com\/?p=32321","title":{"rendered":"Presos sin poder votar tras mandato que les abr\u00eda la posibilidad"},"content":{"rendered":"<div>El Consejo Distrital 01 del Instituto Nacional Electoral (INE) descart\u00f3 que se vaya a colocar una urna en los siguientes comicios en el Centro de Retenci\u00f3n Municipal de Playa del Carmen para que voten personas en prisi\u00f3n preventiva justificada.<\/div>\n<div><\/div>\n<div>De acuerdo con Jos\u00e9 Luis Olivares Carmona, presidente del Consejo Electoral Distrital 01, no hubo una respuesta de la autoridad local para colocar la urna en el sitio, luego que la Suprema Corte de Justicia de la Naci\u00f3n aval\u00f3 que las personas que no han perdido sus derechos pol\u00edticos electorales estando bajo un proceso penal y privadas de su libertad, pueden ejercer el voto.<\/div>\n<div><\/div>\n<div>\u201cNo tuvimos respuesta a tiempo del centro penitenciario de Solidaridad y no lo pudimos incluir\u201d, dijo.<\/div>\n<div><\/div>\n<div>Semanas atr\u00e1s, cuando el INE dio a conocer que ir\u00edan a acatar el resolutivo de la Suprema Corte, se ventil\u00f3 la posibilidad de que las personas sin sentencia que amerite privaci\u00f3n de libertad en el Centro de Retenci\u00f3n Municipal de Playa del Carmen, pudieran votar.<\/div>\n<div><\/div>\n<div><\/div>\n<div>Esta posibilidad se le hizo saber a la presidenta municipal, quien adelant\u00f3 que el centro penitenciario no tiene las condiciones para llevar a cabo tal tarea. Adem\u00e1s que el municipio, el cual administra el sitio, no est\u00e1 obligado a acondicionarlo.<\/div>\n<div><\/div>\n<div>\u201cEse tema emana de una resoluci\u00f3n de la Corte de 2018, nuestras autoridades se pudieron en contacto con la Secretar\u00eda de Seguridad P\u00fablica en todas las entidades, sucedi\u00f3 ac\u00e1 con nuestro delegado en Chetumal. Se le solicit\u00f3 una lista a cada uno de los centros penitenciarios (&#8230;) aquellos que nos enviaron la relaci\u00f3n en tiempo y forma fueron los que se consideraron\u201d, mencion\u00f3.<\/div>\n<div><\/div>\n<div>Pero en el distrito 01 s\u00ed habr\u00e1 presos que podr\u00e1n ejercer el sufragio, tal es el caso de los que se encuentran en Cozumel, donde existen 47 personas encarceladas en estas condiciones.<\/div>\n<div><\/div>\n<div>\u201cEl centro penitenciario de Cozumel, es con el que vamos a estar trabajando\u201d, puntualiz\u00f3.<\/div>\n<div><\/div>\n<div>Se prev\u00e9 que ellos voten previo a la jornada electoral, entre el 6 y el 20 de mayo, similar al voto anticipado.<\/div>\n","protected":false},"excerpt":{"rendered":"<p>El Consejo Distrital 01 del Instituto Nacional Electoral (INE) descart\u00f3 que se vaya a colocar una urna en los siguientes comicios en el Centro de Retenci\u00f3n Municipal de Playa del Carmen para que voten personas en prisi\u00f3n preventiva justificada. De acuerdo con Jos\u00e9 Luis Olivares Carmona, presidente del Consejo Electoral Distrital 01, no hubo una [&hellip;]<\/p>\n","protected":false},"author":1,"featured_media":32323,"comment_status":"open","ping_status":"closed","sticky":false,"template":"","format":"standard","meta":{"footnotes":""},"categories":[4],"tags":[],"class_list":["post-32321","post","type-post","status-publish","format-standard","has-post-thumbnail","hentry","category-local"],"_links":{"self":[{"href":"https:\/\/solidaridadnews.com\/index.php?rest_route=\/wp\/v2\/posts\/32321","targetHints":{"allow":["GET"]}}],"collection":[{"href":"https:\/\/solidaridadnews.com\/index.php?rest_route=\/wp\/v2\/posts"}],"about":[{"href":"https:\/\/solidaridadnews.com\/index.php?rest_route=\/wp\/v2\/types\/post"}],"author":[{"embeddable":true,"href":"https:\/\/solidaridadnews.com\/index.php?rest_route=\/wp\/v2\/users\/1"}],"replies":[{"embeddable":true,"href":"https:\/\/solidaridadnews.com\/index.php?rest_route=%2Fwp%2Fv2%2Fcomments&post=32321"}],"version-history":[{"count":1,"href":"https:\/\/solidaridadnews.com\/index.php?rest_route=\/wp\/v2\/posts\/32321\/revisions"}],"predecessor-version":[{"id":32322,"href":"https:\/\/solidaridadnews.com\/index.php?rest_route=\/wp\/v2\/posts\/32321\/revisions\/32322"}],"wp:featuredmedia":[{"embeddable":true,"href":"https:\/\/solidaridadnews.com\/index.php?rest_route=\/wp\/v2\/media\/32323"}],"wp:attachment":[{"href":"https:\/\/solidaridadnews.com\/index.php?rest_route=%2Fwp%2Fv2%2Fmedia&parent=32321"}],"wp:term":[{"taxonomy":"category","embeddable":true,"href":"https:\/\/solidaridadnews.com\/index.php?rest_route=%2Fwp%2Fv2%2Fcategories&post=32321"},{"taxonomy":"post_tag","embeddable":true,"href":"https:\/\/solidaridadnews.com\/index.php?rest_route=%2Fwp%2Fv2%2Ftags&post=32321"}],"curies":[{"name":"wp","href":"https:\/\/api.w.org\/{rel}","templated":true}]}}