{"id":32318,"date":"2024-03-19T11:33:15","date_gmt":"2024-03-19T16:33:15","guid":{"rendered":"https:\/\/solidaridadnews.com\/?p=32318"},"modified":"2024-03-19T16:33:16","modified_gmt":"2024-03-19T16:33:16","slug":"papa-francisco-recuerda-la-dictadura-argentina-como-algo-diabolico","status":"publish","type":"post","link":"https:\/\/solidaridadnews.com\/?p=32318","title":{"rendered":"Papa Francisco recuerda la dictadura argentina como \u201calgo diab\u00f3lico\u201d"},"content":{"rendered":"<p>El papa Francisco escarba en la intimidad de sus recuerdos \u201ca trav\u00e9s de la Historia\u201d en su autobiograf\u00eda, desde la Segunda Guerra Mundial hasta su elecci\u00f3n como pont\u00edfice en 2013 o la pandemia de COVID-19, pasando por la dictadura militar en Argentina, que fue \u201calgo diab\u00f3lico\u201d.<\/p>\n<p>\u201cQuiz\u00e1s no hice lo suficiente por ella\u201d, dice sobre Esther, su jefa en el laboratorio en el que trabajaba cuando era joven, a la que el r\u00e9gimen militar tortur\u00f3 y asesin\u00f3 lanz\u00e1ndola desde un avi\u00f3n, algo por lo que Francisco a\u00fan se lamenta en Vida. Mi historia a trav\u00e9s de la Historia (Harper Collins, 2024), que se publica este mi\u00e9rcoles en Espa\u00f1a.<\/p>\n<p>En estas memorias, el papa desnuda su coraz\u00f3n y busca \u201cdirigirse a los m\u00e1s j\u00f3venes, para que no se cometan los errores del pasado\u201d, explica a EFE Fabio Marchese, coautor del libro que comenz\u00f3 a ser escrito en abril de 2023 y que el vaticanista italiano ha completado con reuniones, llamadas telef\u00f3nicas y correos electr\u00f3nicos con el pont\u00edfice.<\/p>\n<p>De la II Guerra Mundial al COVID-19<br \/>\nDividido en catorce cap\u00edtulos, Francisco realiza en el libro un viaje temporal que parte desde el estallido de la II Guerra Mundial, cuando el peque\u00f1o Jorge Mario Bergoglio ten\u00eda tres a\u00f1os, y recorre acontecimientos importantes como el Holocausto, la Guerra Fr\u00eda, la llegada del hombre a la Luna o la ca\u00edda del Muro de Berl\u00edn.<\/p>\n<p>Su papel como superior de los Jesuitas durante el golpe de Estado militar en Argentina del 24 de marzo de 1976 es uno de los hechos que recuerda con \u201cm\u00e1s emoci\u00f3n\u201d, seg\u00fan Marchese, un periodo que le supuso acusaciones por una supuesta connivencia con el r\u00e9gimen por las que incluso tuvo que declarar en un juicio en 2010.<\/p>\n<p>\u201cAl final me informaron de que no hab\u00eda nada en mi contra, y me declararon inocente\u201d, explica el papa Francisco, que tambi\u00e9n asegura: \u201cDespu\u00e9s, algunas personas me confiaron que el Gobierno argentino de entonces hab\u00eda intentado por todos los medios echarme la soga al cuello, pero que al final no encontraron pruebas porque estaba limpio\u201d.<\/p>\n<p>Francisco lleg\u00f3 incluso a oficiar misa ante Videla gracias a \u201cuna artima\u00f1a\u201d para interceder por la liberaci\u00f3n de dos jesuitas secuestrados y torturados durante meses: \u201cLa dictadura es algo diab\u00f3lico, lo vi con mis propios ojos (\u2026) \u00a1Fue un genocidio generacional!\u201d.<\/p>\n<p>Bergoglio tambi\u00e9n recuerda lo que supuso la pandemia de COVID-19 en su vida por no poder consolar a los enfermos: \u201c\u00a1Cu\u00e1nto me habr\u00eda gustado visitar las residencias y haber escuchado las historias de los ancianos que estaban viviendo aislados durante meses!\u201d.<\/p>\n<p>Nombres propios<br \/>\nEl papa destaca muchos nombres propios que marcaron su vida, comenzando por su abuela Rosa, una inmigrante italiana del Piamonte (norte) que el pont\u00edfice erige como \u201cfigura fundamental\u201d para su \u201cdesarrollo y educaci\u00f3n\u201d.<\/p>\n<p>Y tambi\u00e9n el de Esther, su jefa en el laboratorio en el que trabajaba cuando era joven, una \u201ccomunista de las de verdad, atea, pero respetuosa\u201d, a la que el r\u00e9gimen tortur\u00f3 y asesin\u00f3 lanz\u00e1ndola desde un avi\u00f3n.<\/p>\n<p>Con otros chicos secuestrados logr\u00e9 hacer algo, les fui de utilidad; sin embargo, con Esther (\u2026) no consegu\u00ed nada, a pesar de tanto insistir a quien seguramente podr\u00eda haber intervenido. Quiz\u00e1 no hice lo suficiente por ella\u201d.<\/p>\n<p>En el libro, el pont\u00edfice tambi\u00e9n deja espacio para mostrar su opini\u00f3n sobre otras personalidades como Juan Pablo II, Benedicto XVI, el presidente argentino Javier Milei, el h\u00fangaro Viktor Orban o incluso Hitler, un racista \u201celevado a la en\u00e9sima potencia\u201d.<\/p>\n<p>El Francisco m\u00e1s humano<br \/>\nEl pont\u00edfice muestra su lado m\u00e1s humano, alejado de las reflexiones teol\u00f3gicas y con referencias a temas ajenos a la religi\u00f3n, como el f\u00fatbol o sus relaciones personales durante su juventud con su novia o sus amigos.<\/p>\n<p>El recuerdo m\u00e1s feliz del papa es el momento en el que Argentina gan\u00f3 la Copa del Mundo en el 86\u201c, asegura Marchese y aunque no la vio por televisi\u00f3n, si pudo preguntarle a\u00f1os despu\u00e9s a Diego Maradona en el Vaticano cu\u00e1l era \u201cla mano incriminada\u201d en el famoso gol del astro argentino en la final bautizado como \u201cla mano de Dios\u201d.<\/p>\n<p>El papa Francisco no esconde sus sentimientos. Habla sin tapujos de las l\u00e1grimas que le produjeron los atentados del 11 de septiembre en el World Trade Centre de Nueva York o del periodo \u201cde oscuridad\u201d durante su \u2018exilio\u2019 en los 90 en un convento de la provincia argentina de C\u00f3rdoba.<\/p>\n<p>Pero tambi\u00e9n recuerda con felicidad su infancia en familia, los partidos del San Lorenzo de Almagro, su equipo; la alegr\u00eda de su ordenaci\u00f3n sacerdotal y la sorpresa que vivi\u00f3 en el c\u00f3nclave de su elecci\u00f3n, el 13 de marzo de 2013.<\/p>\n<p>A sus 87 a\u00f1os, Francisco afronta la recta final de su pontificado con la mirada puesta en \u201cabandonar la rigidez de la Iglesia\u201d para abrirla a\u00fan m\u00e1s a colectivos hist\u00f3ricamente repudiados y sin plantearse una renuncia a la sede petrina (solo por \u201cun grave impedimento f\u00edsico\u201d) con la que tanto se ha especulado en el \u00faltimo a\u00f1o.<\/p>\n","protected":false},"excerpt":{"rendered":"<p>El papa Francisco escarba en la intimidad de sus recuerdos \u201ca trav\u00e9s de la Historia\u201d en su autobiograf\u00eda, desde la Segunda Guerra Mundial hasta su elecci\u00f3n como pont\u00edfice en 2013 o la pandemia de COVID-19, pasando por la dictadura militar en Argentina, que fue \u201calgo diab\u00f3lico\u201d. \u201cQuiz\u00e1s no hice lo suficiente por ella\u201d, dice sobre [&hellip;]<\/p>\n","protected":false},"author":1,"featured_media":32320,"comment_status":"open","ping_status":"closed","sticky":false,"template":"","format":"standard","meta":{"footnotes":""},"categories":[9],"tags":[],"class_list":["post-32318","post","type-post","status-publish","format-standard","has-post-thumbnail","hentry","category-internacional"],"_links":{"self":[{"href":"https:\/\/solidaridadnews.com\/index.php?rest_route=\/wp\/v2\/posts\/32318","targetHints":{"allow":["GET"]}}],"collection":[{"href":"https:\/\/solidaridadnews.com\/index.php?rest_route=\/wp\/v2\/posts"}],"about":[{"href":"https:\/\/solidaridadnews.com\/index.php?rest_route=\/wp\/v2\/types\/post"}],"author":[{"embeddable":true,"href":"https:\/\/solidaridadnews.com\/index.php?rest_route=\/wp\/v2\/users\/1"}],"replies":[{"embeddable":true,"href":"https:\/\/solidaridadnews.com\/index.php?rest_route=%2Fwp%2Fv2%2Fcomments&post=32318"}],"version-history":[{"count":1,"href":"https:\/\/solidaridadnews.com\/index.php?rest_route=\/wp\/v2\/posts\/32318\/revisions"}],"predecessor-version":[{"id":32319,"href":"https:\/\/solidaridadnews.com\/index.php?rest_route=\/wp\/v2\/posts\/32318\/revisions\/32319"}],"wp:featuredmedia":[{"embeddable":true,"href":"https:\/\/solidaridadnews.com\/index.php?rest_route=\/wp\/v2\/media\/32320"}],"wp:attachment":[{"href":"https:\/\/solidaridadnews.com\/index.php?rest_route=%2Fwp%2Fv2%2Fmedia&parent=32318"}],"wp:term":[{"taxonomy":"category","embeddable":true,"href":"https:\/\/solidaridadnews.com\/index.php?rest_route=%2Fwp%2Fv2%2Fcategories&post=32318"},{"taxonomy":"post_tag","embeddable":true,"href":"https:\/\/solidaridadnews.com\/index.php?rest_route=%2Fwp%2Fv2%2Ftags&post=32318"}],"curies":[{"name":"wp","href":"https:\/\/api.w.org\/{rel}","templated":true}]}}