{"id":32312,"date":"2024-03-19T10:13:39","date_gmt":"2024-03-19T15:13:39","guid":{"rendered":"https:\/\/solidaridadnews.com\/?p=32312"},"modified":"2024-03-19T15:13:41","modified_gmt":"2024-03-19T15:13:41","slug":"al-pacino-pagara-30-mil-dolares-mensuales-a-la-mama-de-su-nuevo-bebe","status":"publish","type":"post","link":"https:\/\/solidaridadnews.com\/?p=32312","title":{"rendered":"Al Pacino pagar\u00e1 30 mil d\u00f3lares mensuales a la mam\u00e1 de su nuevo beb\u00e9"},"content":{"rendered":"<p>El actor Al Pacino que recibi\u00f3 la luz de los reflectores por convertirse en pap\u00e1 a los 83 a\u00f1os hace poco m\u00e1s de cuatro meses, ahora es noticia porque tendr\u00e1 que pagar mensualidades de 30 mil d\u00f3lares (600 mil pesos, aproximadamente) para la manutenci\u00f3n de su hijo.<\/p>\n<p>Al Pacino recibi\u00f3 a su hijo Roman, fruto de su relaci\u00f3n con la joven escritora Noor Alfallah, quien es 54 a\u00f1os menor que \u00e9l.<\/p>\n<p>Seg\u00fan informaci\u00f3n reportada por TMZ, la pareja ha alcanzado un acuerdo de custodia para su hijo, Roman. Este acuerdo establece que ambos compartir\u00e1n la custodia legal, mientras que Noor Alfallah tendr\u00e1 la custodia f\u00edsica primaria.<\/p>\n<p>Sin embargo, Al Pacino mantendr\u00e1 derechos de visita y participar\u00e1 en decisiones importantes relacionadas con la crianza de su hijo, tales como educaci\u00f3n, vacaciones y actividades extracurriculares.<\/p>\n<p>Uno de los aspectos m\u00e1s destacados del acuerdo es el compromiso financiero asumido por Al Pacino. Seg\u00fan los informes, el actor pagar\u00e1 la suma de 110 mil d\u00f3lares por adelantado, adem\u00e1s de 30 mil 000 d\u00f3lares mensuales como manutenci\u00f3n para su hijo.<\/p>\n<p>Adem\u00e1s, se establecer\u00e1 un fondo anual de 15 mil d\u00f3lares para la educaci\u00f3n de Roman. Se especula que, dependiendo de los ingresos anuales de Pacino, esta cifra podr\u00eda aumentar hasta 90 mil d\u00f3lares adicionales.<\/p>\n<p>Aunque residan en viviendas separadas, el representante de Al Pacino confirm\u00f3 el pasado mes de septiembre que la relaci\u00f3n entre el actor y Noor Alfallah contin\u00faa. Seg\u00fan una fuente cercana a la pareja, \u201cElla ha estado con Al por alg\u00fan tiempo y se llevan muy bien.<\/p>\n<p>La diferencia de edad no parece ser un problema, aunque \u00e9l es mayor que su padre\u201d. La relaci\u00f3n entre el actor de 83 a\u00f1os y la joven de 29 se hizo p\u00fablica en abril del a\u00f1o pasado.<\/p>\n","protected":false},"excerpt":{"rendered":"<p>El actor Al Pacino que recibi\u00f3 la luz de los reflectores por convertirse en pap\u00e1 a los 83 a\u00f1os hace poco m\u00e1s de cuatro meses, ahora es noticia porque tendr\u00e1 que pagar mensualidades de 30 mil d\u00f3lares (600 mil pesos, aproximadamente) para la manutenci\u00f3n de su hijo. Al Pacino recibi\u00f3 a su hijo Roman, fruto [&hellip;]<\/p>\n","protected":false},"author":1,"featured_media":32314,"comment_status":"open","ping_status":"closed","sticky":false,"template":"","format":"standard","meta":{"footnotes":""},"categories":[3],"tags":[],"class_list":["post-32312","post","type-post","status-publish","format-standard","has-post-thumbnail","hentry","category-espectaculos"],"_links":{"self":[{"href":"https:\/\/solidaridadnews.com\/index.php?rest_route=\/wp\/v2\/posts\/32312","targetHints":{"allow":["GET"]}}],"collection":[{"href":"https:\/\/solidaridadnews.com\/index.php?rest_route=\/wp\/v2\/posts"}],"about":[{"href":"https:\/\/solidaridadnews.com\/index.php?rest_route=\/wp\/v2\/types\/post"}],"author":[{"embeddable":true,"href":"https:\/\/solidaridadnews.com\/index.php?rest_route=\/wp\/v2\/users\/1"}],"replies":[{"embeddable":true,"href":"https:\/\/solidaridadnews.com\/index.php?rest_route=%2Fwp%2Fv2%2Fcomments&post=32312"}],"version-history":[{"count":1,"href":"https:\/\/solidaridadnews.com\/index.php?rest_route=\/wp\/v2\/posts\/32312\/revisions"}],"predecessor-version":[{"id":32313,"href":"https:\/\/solidaridadnews.com\/index.php?rest_route=\/wp\/v2\/posts\/32312\/revisions\/32313"}],"wp:featuredmedia":[{"embeddable":true,"href":"https:\/\/solidaridadnews.com\/index.php?rest_route=\/wp\/v2\/media\/32314"}],"wp:attachment":[{"href":"https:\/\/solidaridadnews.com\/index.php?rest_route=%2Fwp%2Fv2%2Fmedia&parent=32312"}],"wp:term":[{"taxonomy":"category","embeddable":true,"href":"https:\/\/solidaridadnews.com\/index.php?rest_route=%2Fwp%2Fv2%2Fcategories&post=32312"},{"taxonomy":"post_tag","embeddable":true,"href":"https:\/\/solidaridadnews.com\/index.php?rest_route=%2Fwp%2Fv2%2Ftags&post=32312"}],"curies":[{"name":"wp","href":"https:\/\/api.w.org\/{rel}","templated":true}]}}