{"id":32294,"date":"2024-03-18T11:07:38","date_gmt":"2024-03-18T16:07:38","guid":{"rendered":"https:\/\/solidaridadnews.com\/?p=32294"},"modified":"2024-03-18T16:07:39","modified_gmt":"2024-03-18T16:07:39","slug":"policia-acuatica-de-mazatlan-salva-a-nueve-turistas-arrastrados-por-corrientes-marinas","status":"publish","type":"post","link":"https:\/\/solidaridadnews.com\/?p=32294","title":{"rendered":"Polic\u00eda Acu\u00e1tica de Mazatl\u00e1n salva a nueve turistas arrastrados por corrientes marinas"},"content":{"rendered":"<p>Culiac\u00e1n, Sin.- En las playas de Mazatl\u00e1n, elementos de la Polic\u00eda Acu\u00e1tica rescataron en dos operativos, con auxilio de jetsky, a nueve turistas que eran jalados mar adentro por las fuertes corrientes, solo uno de ellos requiri\u00f3 ser trasladado a un hospital para recibir atenci\u00f3n m\u00e9dica.<\/p>\n<p>Una primera acci\u00f3n de los elementos acu\u00e1ticos, tuvo lugar en la zona conocida como playa Camar\u00f3n, frente a uno de los hoteles, en donde uno elemento se percat\u00f3 que siete personas de diversas edades, por lo que este alert\u00f3 al resto de sus compa\u00f1eros.<\/p>\n<p>Por tratarse de un salvamento colectivo, salvavidas de hoteles cercanos se sumaron a las labores de rescate de las siete personas, tres de ellas del sexo femenino, para ello, se desplazaron dos jetskys, a fin de lograr llevarlos a tierra firme.<\/p>\n<p>Las autoridades municipales dieron a conocer que en este primer rescate, una persona de nombre \u00c1ngel Jonathan \u201cN\u201d, de 35 a\u00f1os de edad, visitante del Estado de M\u00e9xico, present\u00f3 s\u00edntomas de debilidad, por lo que fue trasladado a un hospital.<\/p>\n<p>Sobre los seis turistas restantes que fueron sacados del mar, identificados como Carolina \u201cN\u201d, de 18 a\u00f1os, Berenice \u201cN\u201d, de 17, Melisa \u201cN\u201d de 15, Pedro \u201cN\u201d, de 21, David \u201cN\u201d de 13 y David \u201cN\u201d de 38, no presentaron problemas de salud.<\/p>\n<p>En un segundo rescate de dos turistas del sexo femenino menores de edad, estas fueron arrastradas por la corriente y cayeron a un pozo, en la zona de la Isla de la Piedra, por lo que los elementos de la Polic\u00eda Acu\u00e1tica les brindaron ayuda.<\/p>\n<p>Las adolescentes de nombres Cristina \u201cN\u201d de trece a\u00f1os de edad y Ver\u00f3nica \u201cN\u201d de catorce, solo presentaron s\u00edntomas de cansancio, por el esfuerzo que realizaron al intentar salir del mar.<\/p>\n","protected":false},"excerpt":{"rendered":"<p>Culiac\u00e1n, Sin.- En las playas de Mazatl\u00e1n, elementos de la Polic\u00eda Acu\u00e1tica rescataron en dos operativos, con auxilio de jetsky, a nueve turistas que eran jalados mar adentro por las fuertes corrientes, solo uno de ellos requiri\u00f3 ser trasladado a un hospital para recibir atenci\u00f3n m\u00e9dica. Una primera acci\u00f3n de los elementos acu\u00e1ticos, tuvo lugar [&hellip;]<\/p>\n","protected":false},"author":1,"featured_media":32296,"comment_status":"open","ping_status":"closed","sticky":false,"template":"","format":"standard","meta":{"footnotes":""},"categories":[2],"tags":[],"class_list":["post-32294","post","type-post","status-publish","format-standard","has-post-thumbnail","hentry","category-nacional"],"_links":{"self":[{"href":"https:\/\/solidaridadnews.com\/index.php?rest_route=\/wp\/v2\/posts\/32294","targetHints":{"allow":["GET"]}}],"collection":[{"href":"https:\/\/solidaridadnews.com\/index.php?rest_route=\/wp\/v2\/posts"}],"about":[{"href":"https:\/\/solidaridadnews.com\/index.php?rest_route=\/wp\/v2\/types\/post"}],"author":[{"embeddable":true,"href":"https:\/\/solidaridadnews.com\/index.php?rest_route=\/wp\/v2\/users\/1"}],"replies":[{"embeddable":true,"href":"https:\/\/solidaridadnews.com\/index.php?rest_route=%2Fwp%2Fv2%2Fcomments&post=32294"}],"version-history":[{"count":1,"href":"https:\/\/solidaridadnews.com\/index.php?rest_route=\/wp\/v2\/posts\/32294\/revisions"}],"predecessor-version":[{"id":32295,"href":"https:\/\/solidaridadnews.com\/index.php?rest_route=\/wp\/v2\/posts\/32294\/revisions\/32295"}],"wp:featuredmedia":[{"embeddable":true,"href":"https:\/\/solidaridadnews.com\/index.php?rest_route=\/wp\/v2\/media\/32296"}],"wp:attachment":[{"href":"https:\/\/solidaridadnews.com\/index.php?rest_route=%2Fwp%2Fv2%2Fmedia&parent=32294"}],"wp:term":[{"taxonomy":"category","embeddable":true,"href":"https:\/\/solidaridadnews.com\/index.php?rest_route=%2Fwp%2Fv2%2Fcategories&post=32294"},{"taxonomy":"post_tag","embeddable":true,"href":"https:\/\/solidaridadnews.com\/index.php?rest_route=%2Fwp%2Fv2%2Ftags&post=32294"}],"curies":[{"name":"wp","href":"https:\/\/api.w.org\/{rel}","templated":true}]}}