{"id":32291,"date":"2024-03-18T09:55:50","date_gmt":"2024-03-18T14:55:50","guid":{"rendered":"https:\/\/solidaridadnews.com\/?p=32291"},"modified":"2024-03-18T14:55:51","modified_gmt":"2024-03-18T14:55:51","slug":"dani-alves-podria-ser-liberado-durante-los-proximos-dias-gracias-a-su-abogada","status":"publish","type":"post","link":"https:\/\/solidaridadnews.com\/?p=32291","title":{"rendered":"Dani Alves podr\u00eda ser liberado durante los pr\u00f3ximos d\u00edas gracias a su abogada"},"content":{"rendered":"<p>Hace casi un mes, Dani Alves fue se\u00f1alado como culpable por el delito de agresi\u00f3n sexual contra una joven en una discoteca de Barcelona.<\/p>\n<p>Las autoridades de la justicia espa\u00f1ola sentenciaron al exfutbolista a cuatro a\u00f1os y medio en presi\u00f3n por forzar a la v\u00edctima con uso de violencia.<\/p>\n<p>Sin embargo, la defensa del hist\u00f3rico lateral derecho brasile\u00f1o solicit\u00f3, de nueva cuenta, su libertad provisional hasta que su sentencia condenatoria sea clara y firme.<\/p>\n<p>Por tal motivo, la audiencia de la ciudad catalana determinar\u00e1 el pr\u00f3ximo martes 19 de marzo si el segundo m\u00e1ximo ganador de t\u00edtulos en la historia se mantiene detenido o sale de prisi\u00f3n.<\/p>\n<p>Cabe resaltar que, durante el tiempo que ha durado el caso, el grupo de abogados de Dani Alves ya solicit\u00f3 su excarcelaci\u00f3n, pero la petici\u00f3n fue rechazada por existir un riesgo alto de fuga de Espa\u00f1a, por lo que esta nueva solicitud de prisi\u00f3n preventiva podr\u00eda ser negada.<\/p>\n","protected":false},"excerpt":{"rendered":"<p>Hace casi un mes, Dani Alves fue se\u00f1alado como culpable por el delito de agresi\u00f3n sexual contra una joven en una discoteca de Barcelona. Las autoridades de la justicia espa\u00f1ola sentenciaron al exfutbolista a cuatro a\u00f1os y medio en presi\u00f3n por forzar a la v\u00edctima con uso de violencia. Sin embargo, la defensa del hist\u00f3rico [&hellip;]<\/p>\n","protected":false},"author":1,"featured_media":32293,"comment_status":"open","ping_status":"closed","sticky":false,"template":"","format":"standard","meta":{"footnotes":""},"categories":[6],"tags":[],"class_list":["post-32291","post","type-post","status-publish","format-standard","has-post-thumbnail","hentry","category-deportes"],"_links":{"self":[{"href":"https:\/\/solidaridadnews.com\/index.php?rest_route=\/wp\/v2\/posts\/32291","targetHints":{"allow":["GET"]}}],"collection":[{"href":"https:\/\/solidaridadnews.com\/index.php?rest_route=\/wp\/v2\/posts"}],"about":[{"href":"https:\/\/solidaridadnews.com\/index.php?rest_route=\/wp\/v2\/types\/post"}],"author":[{"embeddable":true,"href":"https:\/\/solidaridadnews.com\/index.php?rest_route=\/wp\/v2\/users\/1"}],"replies":[{"embeddable":true,"href":"https:\/\/solidaridadnews.com\/index.php?rest_route=%2Fwp%2Fv2%2Fcomments&post=32291"}],"version-history":[{"count":1,"href":"https:\/\/solidaridadnews.com\/index.php?rest_route=\/wp\/v2\/posts\/32291\/revisions"}],"predecessor-version":[{"id":32292,"href":"https:\/\/solidaridadnews.com\/index.php?rest_route=\/wp\/v2\/posts\/32291\/revisions\/32292"}],"wp:featuredmedia":[{"embeddable":true,"href":"https:\/\/solidaridadnews.com\/index.php?rest_route=\/wp\/v2\/media\/32293"}],"wp:attachment":[{"href":"https:\/\/solidaridadnews.com\/index.php?rest_route=%2Fwp%2Fv2%2Fmedia&parent=32291"}],"wp:term":[{"taxonomy":"category","embeddable":true,"href":"https:\/\/solidaridadnews.com\/index.php?rest_route=%2Fwp%2Fv2%2Fcategories&post=32291"},{"taxonomy":"post_tag","embeddable":true,"href":"https:\/\/solidaridadnews.com\/index.php?rest_route=%2Fwp%2Fv2%2Ftags&post=32291"}],"curies":[{"name":"wp","href":"https:\/\/api.w.org\/{rel}","templated":true}]}}