{"id":32285,"date":"2024-03-17T20:55:52","date_gmt":"2024-03-17T20:55:52","guid":{"rendered":"https:\/\/solidaridadnews.com\/?p=32285"},"modified":"2024-03-17T20:55:52","modified_gmt":"2024-03-17T20:55:52","slug":"muere-al-caer-de-la-azotea-en-playa-del-carmen","status":"publish","type":"post","link":"https:\/\/solidaridadnews.com\/?p=32285","title":{"rendered":"Muere al caer de la azotea en Playa del Carmen"},"content":{"rendered":"<p>PLAYA DEL CARMEN, MX.-\u00a0Un hombre perdi\u00f3 la vida la noche de ayer, luego de caer de un segundo piso, en el fraccionamiento Misi\u00f3n de las Flores de esta ciudad.<\/p>\n<div dir=\"auto\"><\/div>\n<div dir=\"auto\">A eso de las 11:30 de la noche, la v\u00edctima, que al parecer hab\u00eda ingerido bebidas embriagantes, subi\u00f3 hasta el techo de su casa.<\/div>\n<div dir=\"auto\"><\/div>\n<div dir=\"auto\">\n<div dir=\"auto\">Sus familiares trataron de alertarlo del peligro, sin embargo, por un descuido y por su condici\u00f3n alcoholizada en la que se encontraba, el hombre cay\u00f3 y perdi\u00f3 la vida al instante.<\/div>\n<div dir=\"auto\"><\/div>\n<div dir=\"auto\">Al lugar acudieron param\u00e9dicos, quienes confirmaron que el hombre ya no contaba con signos vitales, as\u00ed como polic\u00edas municipales.<\/div>\n<div dir=\"auto\"><\/div>\n<div dir=\"auto\">El \u00e1rea fue acordonada en espera del personal de los peritos y el personal forense, quienes al final dispusieron el levantamiento del cuerpo y su traslado al Servicio M\u00e9dico Forense (Semefo).<\/div>\n<\/div>\n","protected":false},"excerpt":{"rendered":"<p>PLAYA DEL CARMEN, MX.-\u00a0Un hombre perdi\u00f3 la vida la noche de ayer, luego de caer de un segundo piso, en el fraccionamiento Misi\u00f3n de las Flores de esta ciudad. A eso de las 11:30 de la noche, la v\u00edctima, que al parecer hab\u00eda ingerido bebidas embriagantes, subi\u00f3 hasta el techo de su casa. Sus familiares [&hellip;]<\/p>\n","protected":false},"author":1,"featured_media":32286,"comment_status":"closed","ping_status":"closed","sticky":false,"template":"","format":"standard","meta":{"footnotes":""},"categories":[14],"tags":[],"class_list":["post-32285","post","type-post","status-publish","format-standard","has-post-thumbnail","hentry","category-policia"],"_links":{"self":[{"href":"https:\/\/solidaridadnews.com\/index.php?rest_route=\/wp\/v2\/posts\/32285","targetHints":{"allow":["GET"]}}],"collection":[{"href":"https:\/\/solidaridadnews.com\/index.php?rest_route=\/wp\/v2\/posts"}],"about":[{"href":"https:\/\/solidaridadnews.com\/index.php?rest_route=\/wp\/v2\/types\/post"}],"author":[{"embeddable":true,"href":"https:\/\/solidaridadnews.com\/index.php?rest_route=\/wp\/v2\/users\/1"}],"replies":[{"embeddable":true,"href":"https:\/\/solidaridadnews.com\/index.php?rest_route=%2Fwp%2Fv2%2Fcomments&post=32285"}],"version-history":[{"count":1,"href":"https:\/\/solidaridadnews.com\/index.php?rest_route=\/wp\/v2\/posts\/32285\/revisions"}],"predecessor-version":[{"id":32287,"href":"https:\/\/solidaridadnews.com\/index.php?rest_route=\/wp\/v2\/posts\/32285\/revisions\/32287"}],"wp:featuredmedia":[{"embeddable":true,"href":"https:\/\/solidaridadnews.com\/index.php?rest_route=\/wp\/v2\/media\/32286"}],"wp:attachment":[{"href":"https:\/\/solidaridadnews.com\/index.php?rest_route=%2Fwp%2Fv2%2Fmedia&parent=32285"}],"wp:term":[{"taxonomy":"category","embeddable":true,"href":"https:\/\/solidaridadnews.com\/index.php?rest_route=%2Fwp%2Fv2%2Fcategories&post=32285"},{"taxonomy":"post_tag","embeddable":true,"href":"https:\/\/solidaridadnews.com\/index.php?rest_route=%2Fwp%2Fv2%2Ftags&post=32285"}],"curies":[{"name":"wp","href":"https:\/\/api.w.org\/{rel}","templated":true}]}}