{"id":32282,"date":"2024-03-17T12:21:32","date_gmt":"2024-03-17T17:21:32","guid":{"rendered":"https:\/\/solidaridadnews.com\/?p=32282"},"modified":"2024-03-17T17:21:33","modified_gmt":"2024-03-17T17:21:33","slug":"iglesia-catolica-externa-su-preocupacion-ante-escasez-del-agua","status":"publish","type":"post","link":"https:\/\/solidaridadnews.com\/?p=32282","title":{"rendered":"Iglesia cat\u00f3lica externa su preocupaci\u00f3n ante escasez del agua"},"content":{"rendered":"<p>La iglesia cat\u00f3lica extern\u00f3 su preocupaci\u00f3n ante la escasez del agua y los cortes que existen ante los bajos niveles de las presas, \u201ccomenzamos a entrar a la temporada de calor, la zona metropolitana del Valle de M\u00e9xico vive cortes de agua forzados por la escasez en el sistema Lerma-Cutzamala, que se encuentra a menos de la mitad de su capacidad\u201d.<\/p>\n<p>El \u201cd\u00eda cero\u201d, el momento en que el agua sea insuficiente para abastecer las necesidades b\u00e1sicas de m\u00e1s de 20 millones de personas que habitan esta regi\u00f3n, parece estar cada vez m\u00e1s cerca, asegur\u00f3 la instituci\u00f3n cat\u00f3lica.<\/p>\n<p>\u201cEl acceso al agua potable y segura es un derecho humano b\u00e1sico, fundamental y universal, porque determina la sobrevivencia de las personas, y por lo tanto es condici\u00f3n para el ejercicio de los dem\u00e1s derechos humanos\u201d, dijo el Papa Francisco.<\/p>\n<p>El Santo Pont\u00edfice enfatiz\u00f3: la gesti\u00f3n arbitraria de los recursos h\u00eddricos, su distorsi\u00f3n y contaminaci\u00f3n, perjudican especialmente a los pobres y son una afrenta vergonzosa ante la que no podemos permanecer indiferentes.<\/p>\n<p>Adem\u00e1s que se convirti\u00f3 en el centro de disputas y desigualdades sociales, de acuerdo con el informe \u201cno dejar a nadie atr\u00e1s,\u201d de la Organizaci\u00f3n de las Naciones Unidas (ONU).<\/p>\n<p>Diversos estudios se\u00f1alan que, en un futuro pr\u00f3ximo, si no se hace algo para detenerla, la escasez del agua podr\u00eda traer consecuencias graves para la salud y forma de vida de las personas y comunidades, tanto urbanas como rurales y, por supuesto, una mayor desigualdad social y econ\u00f3mica.<\/p>\n<p>El acceso al agua es un derecho humano, de acuerdo con la Encuesta Nacional de Ingreso y Gasto en los Hogares, la poblaci\u00f3n que recibe el servicio diario de agua potable y saneamiento mejorado en la Ciudad de M\u00e9xico es de 70.3%, mientras que para el Estado de M\u00e9xico es del 48.4%. Este porcentaje se reduce a medida que nos acercamos a las periferias.<\/p>\n<p>El clero hizo un llamado a las autoridades de gobierno que tomen acciones que permitan el acceso constante al agua potable y de calidad, especialmente en las comunidades m\u00e1s pobres.<\/p>\n<p>Las pol\u00edticas p\u00fablicas deben garantizar el desarrollo y mantenimiento de infraestructura en las zonas de escasez y tomar en cuenta factores externos como las cada vez m\u00e1s frecuentes sequ\u00edas, derivadas del cambio clim\u00e1tico.<\/p>\n","protected":false},"excerpt":{"rendered":"<p>La iglesia cat\u00f3lica extern\u00f3 su preocupaci\u00f3n ante la escasez del agua y los cortes que existen ante los bajos niveles de las presas, \u201ccomenzamos a entrar a la temporada de calor, la zona metropolitana del Valle de M\u00e9xico vive cortes de agua forzados por la escasez en el sistema Lerma-Cutzamala, que se encuentra a menos [&hellip;]<\/p>\n","protected":false},"author":1,"featured_media":32284,"comment_status":"open","ping_status":"closed","sticky":false,"template":"","format":"standard","meta":{"footnotes":""},"categories":[2],"tags":[],"class_list":["post-32282","post","type-post","status-publish","format-standard","has-post-thumbnail","hentry","category-nacional"],"_links":{"self":[{"href":"https:\/\/solidaridadnews.com\/index.php?rest_route=\/wp\/v2\/posts\/32282","targetHints":{"allow":["GET"]}}],"collection":[{"href":"https:\/\/solidaridadnews.com\/index.php?rest_route=\/wp\/v2\/posts"}],"about":[{"href":"https:\/\/solidaridadnews.com\/index.php?rest_route=\/wp\/v2\/types\/post"}],"author":[{"embeddable":true,"href":"https:\/\/solidaridadnews.com\/index.php?rest_route=\/wp\/v2\/users\/1"}],"replies":[{"embeddable":true,"href":"https:\/\/solidaridadnews.com\/index.php?rest_route=%2Fwp%2Fv2%2Fcomments&post=32282"}],"version-history":[{"count":1,"href":"https:\/\/solidaridadnews.com\/index.php?rest_route=\/wp\/v2\/posts\/32282\/revisions"}],"predecessor-version":[{"id":32283,"href":"https:\/\/solidaridadnews.com\/index.php?rest_route=\/wp\/v2\/posts\/32282\/revisions\/32283"}],"wp:featuredmedia":[{"embeddable":true,"href":"https:\/\/solidaridadnews.com\/index.php?rest_route=\/wp\/v2\/media\/32284"}],"wp:attachment":[{"href":"https:\/\/solidaridadnews.com\/index.php?rest_route=%2Fwp%2Fv2%2Fmedia&parent=32282"}],"wp:term":[{"taxonomy":"category","embeddable":true,"href":"https:\/\/solidaridadnews.com\/index.php?rest_route=%2Fwp%2Fv2%2Fcategories&post=32282"},{"taxonomy":"post_tag","embeddable":true,"href":"https:\/\/solidaridadnews.com\/index.php?rest_route=%2Fwp%2Fv2%2Ftags&post=32282"}],"curies":[{"name":"wp","href":"https:\/\/api.w.org\/{rel}","templated":true}]}}