{"id":32279,"date":"2024-03-17T11:54:09","date_gmt":"2024-03-17T16:54:09","guid":{"rendered":"https:\/\/solidaridadnews.com\/?p=32279"},"modified":"2024-03-17T16:54:10","modified_gmt":"2024-03-17T16:54:10","slug":"belinda-sorprende-con-espectacular-cambio-de-look","status":"publish","type":"post","link":"https:\/\/solidaridadnews.com\/?p=32279","title":{"rendered":"Belinda sorprende con espectacular cambio de look"},"content":{"rendered":"<p>Belinda ha dejado con el ojo cuadrado a sus fans, despu\u00e9s de que difundiera im\u00e1genes de su nuevo look en redes sociales.<\/p>\n<p>La popular cantante sorprendi\u00f3 a todos con un nuevo color de cabello y cejas, adem\u00e1s de un corte de cabello que la hace ver completamente distinta.<\/p>\n<p>Fue en sus historias de Instagram donde la int\u00e9rprete de \u00e9xitos como \u201cAmor a primera vista\u201d, \u201cCactus\u201d y \u201cEl baile del sapito\u201d mostr\u00f3 el proceso de cambio de su look.<\/p>\n<p>En un primer video, se observa la transformaci\u00f3n de su pelo rubio a un rojo intenso. La cantante mostr\u00f3, tambi\u00e9n, el nuevo color rojo de sus cejas.<\/p>\n<p>En uno de los videos que \u201cBeli\u201d subi\u00f3 a Instagram etiquet\u00f3 al cantante Natanael Cano, por lo que todo parece indicar que el nuevo color rojo intenso obedece a una colaboraci\u00f3n especial con el artista de corridos tumbados.<\/p>\n<p>\u201cEstas listo\u2753\u203c\ufe0f\u201d Belinda v\u00eda Instagram.<\/p>\n<p>\u201cEste disco es muy personal. Todas las canciones tienen dedicatoria, ustedes, cuando las escuchen, se van a dar cuenta para qui\u00e9n es cada canci\u00f3n\u201d, destac\u00f3 Belinda.<\/p>\n<p>Se espera que el nuevo disco de Belinda se publique en los pr\u00f3ximos d\u00edas, aunque no hay fecha oficial de lanzamiento.<\/p>\n","protected":false},"excerpt":{"rendered":"<p>Belinda ha dejado con el ojo cuadrado a sus fans, despu\u00e9s de que difundiera im\u00e1genes de su nuevo look en redes sociales. La popular cantante sorprendi\u00f3 a todos con un nuevo color de cabello y cejas, adem\u00e1s de un corte de cabello que la hace ver completamente distinta. Fue en sus historias de Instagram donde [&hellip;]<\/p>\n","protected":false},"author":1,"featured_media":32281,"comment_status":"open","ping_status":"closed","sticky":false,"template":"","format":"standard","meta":{"footnotes":""},"categories":[3],"tags":[],"class_list":["post-32279","post","type-post","status-publish","format-standard","has-post-thumbnail","hentry","category-espectaculos"],"_links":{"self":[{"href":"https:\/\/solidaridadnews.com\/index.php?rest_route=\/wp\/v2\/posts\/32279","targetHints":{"allow":["GET"]}}],"collection":[{"href":"https:\/\/solidaridadnews.com\/index.php?rest_route=\/wp\/v2\/posts"}],"about":[{"href":"https:\/\/solidaridadnews.com\/index.php?rest_route=\/wp\/v2\/types\/post"}],"author":[{"embeddable":true,"href":"https:\/\/solidaridadnews.com\/index.php?rest_route=\/wp\/v2\/users\/1"}],"replies":[{"embeddable":true,"href":"https:\/\/solidaridadnews.com\/index.php?rest_route=%2Fwp%2Fv2%2Fcomments&post=32279"}],"version-history":[{"count":1,"href":"https:\/\/solidaridadnews.com\/index.php?rest_route=\/wp\/v2\/posts\/32279\/revisions"}],"predecessor-version":[{"id":32280,"href":"https:\/\/solidaridadnews.com\/index.php?rest_route=\/wp\/v2\/posts\/32279\/revisions\/32280"}],"wp:featuredmedia":[{"embeddable":true,"href":"https:\/\/solidaridadnews.com\/index.php?rest_route=\/wp\/v2\/media\/32281"}],"wp:attachment":[{"href":"https:\/\/solidaridadnews.com\/index.php?rest_route=%2Fwp%2Fv2%2Fmedia&parent=32279"}],"wp:term":[{"taxonomy":"category","embeddable":true,"href":"https:\/\/solidaridadnews.com\/index.php?rest_route=%2Fwp%2Fv2%2Fcategories&post=32279"},{"taxonomy":"post_tag","embeddable":true,"href":"https:\/\/solidaridadnews.com\/index.php?rest_route=%2Fwp%2Fv2%2Ftags&post=32279"}],"curies":[{"name":"wp","href":"https:\/\/api.w.org\/{rel}","templated":true}]}}