{"id":32260,"date":"2024-03-16T08:35:04","date_gmt":"2024-03-16T13:35:04","guid":{"rendered":"https:\/\/solidaridadnews.com\/?p=32260"},"modified":"2024-03-16T13:35:06","modified_gmt":"2024-03-16T13:35:06","slug":"alejandro-fernandez-propone-corridos-tumbados-de-amor","status":"publish","type":"post","link":"https:\/\/solidaridadnews.com\/?p=32260","title":{"rendered":"Alejandro Fern\u00e1ndez propone corridos tumbados de amor"},"content":{"rendered":"<p>En los \u00faltimos a\u00f1os, la m\u00fasica regional mexicana ha encontrado un nuevo aire en los j\u00f3venes cantantes que han surgido, quienes la han llevado a colocarse como una de las favoritas a nivel mundial.<\/p>\n<p>Eso no es algo extra\u00f1o para Alejandro Fern\u00e1ndez, quien desde hace poco m\u00e1s de 30 a\u00f1os ha caminado por la industria con el estandarte de este g\u00e9nero. El Potrillo sabe que hay que irse adaptando a lo que lo p\u00fablico exige y, sin perder su esencia, ha logrado crear lazos de complicidad con algunos autores del regional mexicano y los corridos tumbados, que si bien cree que tienen mucho futuro, no ser\u00e1 para todos.<\/p>\n<p>Ahorita hay un gran movimiento de la m\u00fasica mexicana, pero vamos a ver cu\u00e1les son los que se van a quedar, es un movimiento muy fuerte, est\u00e1n saliendo much\u00edsimos cantantes de ese g\u00e9nero y de ese tipo, pero como dec\u00eda mi pap\u00e1 cuando hab\u00eda un cambio de administraci\u00f3n llegaba a la oficina o al rancho y dec\u00eda \u2018ag\u00e1rrense, porque hoy va a haber sacudida de \u00e1rboles\u2019. Esperemos a la sacudida de \u00e1rbol para ver qu\u00e9 se va y qu\u00e9 se queda, lo que va a quedarse para todo el tiempo y qui\u00e9nes son los cantantes que van a dirigir ese g\u00e9nero.<\/p>\n<p>A m\u00ed se me hace muy padre no s\u00f3lo por los temas que se manejan en las letras, sino m\u00e1s bien por los arreglos, si llegan a mezclar o a llegar a esa media de no cantar tantas canciones b\u00e9licas, aprovechar el g\u00e9nero quiz\u00e1 con canciones m\u00e1s divertidas o de amor con este tipo de arreglos, est\u00e1 comprobado, el g\u00e9nero gust\u00f3 en todo el mundo y ya nada m\u00e1s es buscar las letras para hacer canciones incre\u00edbles\u201d, explic\u00f3 Fern\u00e1ndez en entrevista exclusiva con Exc\u00e9lsior.<\/p>\n<p>El int\u00e9rprete de canciones como Si te vas y Tantita pena sabe que en esta nueva generaci\u00f3n de cantautores de corridos tumbados y regional mexicano hay mucho talento, adem\u00e1s de mucha admiraci\u00f3n, tanto de su parte como de parte de aquellos con los que ha colaborado.<\/p>\n<p>He tenido la fortuna de conocer a todos estos talentos que son jovencitos, he tratado de hacer una buena relaci\u00f3n con ellos y salen proyectos cuando nos juntamos y platicamos, y son talentos que de verdad&#8230; madre. Eden Mu\u00f1oz, Alfredito Olivas, Grupo Firme; con todas las personas que he trabajado son un gran talento y no es como que yo los atraiga, pero los dos volteamos a vernos, ellos me respetan mucho porque tienen mucha admiraci\u00f3n, me conocen de tiempo, desde que estaban chiquillos.<\/p>\n<p>Y la sensaci\u00f3n que yo he tenido es rec\u00edproca, de admiraci\u00f3n, de una muy buena relaci\u00f3n y muy divertida porque nos gusta la bohemia, platicamos, de ah\u00ed empiezan a salir todos los proyectos y se vuelve muy padre, hay una camarader\u00eda muy bonita, a veces las agendas no nos dan tiempo, pero cuando podemos, nos damos un telefonazo, nos vemos en alg\u00fan lugar, platicamos y empezamos a echarle\u201d, dijo el cantante.<\/p>\n<p>En ese sentido, Alejandro sabe que este es un buen momento para hacer simbiosis con estos autores, y no es nada nuevo. Con anterioridad ha colaborado con artistas como Grupo Firme o Eden Mu\u00f1oz \u2014a quien tuvo como invitado en su presentaci\u00f3n a principio de marzo en la Monumental Plaza M\u00e9xico\u2014 y ahora toc\u00f3 el turno con Alfredo Olivas, con quien lanz\u00f3 ayer el sencillo Cobijas ajenas.<\/p>\n<p>A Alfredito lo conozco desde hace mucho tiempo, para m\u00ed es uno de los pioneros de los corridos b\u00e9licos y tumbados y ha sido uno de los artistas que ahorita est\u00e1n pegando dur\u00edsimo. Pienso que va a tener un gran futuro porque tienen una base art\u00edstica que tienen por lo menos 10 a\u00f1os talacheando, lo conozco desde hace muchos a\u00f1os y le iba bien, pero no como le est\u00e1 pegando ahorita.<\/p>\n<p>Entonces vino la canci\u00f3n de Espinoza Paz, Cobijas ajenas, que ya la ten\u00eda grabada desde hace tiempo y no la hab\u00edamos sacado porque ten\u00eda una frase que se me hac\u00eda un poquito fuerte, hablamos con \u00e9l y le preguntamos si la pod\u00edamos quitar y s\u00f3lo con esa frasecita ya le bajaba un mont\u00f3n a la canci\u00f3n de agresividad. Qued\u00f3 la canci\u00f3n y ten\u00edamos que entregar el disco para marzo, la propuse para que saliera en este disco y desde hace mucho tiempo quer\u00edamos hacer algo juntos y al final se retomaron las cosas, pudimos coincidir con los tiempos, con el calendario y hasta video hicimos\u201d, dijo.<\/p>\n<p>&nbsp;<\/p>\n<p>Don Chente, siempre presente<\/p>\n<p>A poco m\u00e1s de dos a\u00f1os de que Vicente Fern\u00e1ndez falleciera, dejando una enorme huella en la m\u00fasica regional mexicana y en su familia, Alejandro reconoce que este tiempo ha sido complicado, pero es ahora que su padre est\u00e1 m\u00e1s presente que nunca.<\/p>\n<p>Ha sido dif\u00edcil, la verdad. Es algo con lo que tienes que lidiar en esta vida y a lo que tienes que acostumbrar, evidentemente no todo es quedarse atrapado llorando o aferrado a alguien, es salir adelante, es un golpe fuerte, pero pues te acostumbras a vivir con \u00e9l.<\/p>\n<p>Desde que parti\u00f3 de este mundo y se fue a otro plano m\u00e1s espiritual lo tengo m\u00e1s presente en mi vida, cada que voy a hacer algo, cada que voy a trabajar, a hacer una presentaci\u00f3n, a alg\u00fan evento me persigno, hablo con Dios y con mi padre y le ofrezco mi trabajo, que me vaya bien en lo que vaya a hacer. Ha sido dif\u00edcil, pero lo siento m\u00e1s cercano que nunca, a pesar de todo\u201d, comparti\u00f3.<\/p>\n<p>&nbsp;<\/p>\n<p>Por otra Plaza<\/p>\n<p>A inicio de marzo Alejandro revent\u00f3 la Monumental Plaza de Toros M\u00e9xico en donde present\u00f3 su gira Amor y patria con un show 360\u00ba que 43 mil personas pudieron disfrutar de principio a fin. Y como a El Potrillo le gusta eso de retarse, decidi\u00f3 abrir una nueva fecha para volver a realizar la haza\u00f1a en el mismo lugar el pr\u00f3ximo 26 de octubre.<\/p>\n<p>Todav\u00eda tengo el sabor de boca s\u00faper, s\u00faper riqu\u00edsimo de c\u00f3mo me recibi\u00f3 la gente, de c\u00f3mo respondi\u00f3, pues era un reto, despu\u00e9s de todo esto es la Plaza M\u00e9xico. Ese primer show se vendi\u00f3 rapid\u00edsimo, no sab\u00edamos c\u00f3mo iba a responder la gente, pero ten\u00edamos nuevas canciones que ense\u00f1arles y fue espectacular.<\/p>\n<p>Y viendo la respuesta de este show sacamos otro para el 26 de octubre que ya est\u00e1 a la venta. Estamos muy contentos de ver la respuesta de la gente\u201d, se\u00f1al\u00f3.<\/p>\n","protected":false},"excerpt":{"rendered":"<p>En los \u00faltimos a\u00f1os, la m\u00fasica regional mexicana ha encontrado un nuevo aire en los j\u00f3venes cantantes que han surgido, quienes la han llevado a colocarse como una de las favoritas a nivel mundial. Eso no es algo extra\u00f1o para Alejandro Fern\u00e1ndez, quien desde hace poco m\u00e1s de 30 a\u00f1os ha caminado por la industria [&hellip;]<\/p>\n","protected":false},"author":1,"featured_media":32262,"comment_status":"open","ping_status":"closed","sticky":false,"template":"","format":"standard","meta":{"footnotes":""},"categories":[3],"tags":[],"class_list":["post-32260","post","type-post","status-publish","format-standard","has-post-thumbnail","hentry","category-espectaculos"],"_links":{"self":[{"href":"https:\/\/solidaridadnews.com\/index.php?rest_route=\/wp\/v2\/posts\/32260","targetHints":{"allow":["GET"]}}],"collection":[{"href":"https:\/\/solidaridadnews.com\/index.php?rest_route=\/wp\/v2\/posts"}],"about":[{"href":"https:\/\/solidaridadnews.com\/index.php?rest_route=\/wp\/v2\/types\/post"}],"author":[{"embeddable":true,"href":"https:\/\/solidaridadnews.com\/index.php?rest_route=\/wp\/v2\/users\/1"}],"replies":[{"embeddable":true,"href":"https:\/\/solidaridadnews.com\/index.php?rest_route=%2Fwp%2Fv2%2Fcomments&post=32260"}],"version-history":[{"count":1,"href":"https:\/\/solidaridadnews.com\/index.php?rest_route=\/wp\/v2\/posts\/32260\/revisions"}],"predecessor-version":[{"id":32261,"href":"https:\/\/solidaridadnews.com\/index.php?rest_route=\/wp\/v2\/posts\/32260\/revisions\/32261"}],"wp:featuredmedia":[{"embeddable":true,"href":"https:\/\/solidaridadnews.com\/index.php?rest_route=\/wp\/v2\/media\/32262"}],"wp:attachment":[{"href":"https:\/\/solidaridadnews.com\/index.php?rest_route=%2Fwp%2Fv2%2Fmedia&parent=32260"}],"wp:term":[{"taxonomy":"category","embeddable":true,"href":"https:\/\/solidaridadnews.com\/index.php?rest_route=%2Fwp%2Fv2%2Fcategories&post=32260"},{"taxonomy":"post_tag","embeddable":true,"href":"https:\/\/solidaridadnews.com\/index.php?rest_route=%2Fwp%2Fv2%2Ftags&post=32260"}],"curies":[{"name":"wp","href":"https:\/\/api.w.org\/{rel}","templated":true}]}}