{"id":32248,"date":"2024-03-15T01:01:59","date_gmt":"2024-03-15T06:01:59","guid":{"rendered":"https:\/\/solidaridadnews.com\/?p=32248"},"modified":"2024-03-15T06:02:00","modified_gmt":"2024-03-15T06:02:00","slug":"esteman-y-villano-antillano-lanzan-noches-de-verano-una-colaboracion-pop-con-espiritu-de-fiesta","status":"publish","type":"post","link":"https:\/\/solidaridadnews.com\/?p=32248","title":{"rendered":"Esteman y Villano Antillano lanzan &#8216;Noches de Verano&#8217;, una colaboraci\u00f3n pop con esp\u00edritu de fiesta"},"content":{"rendered":"<p>Esteman y Villano Antillano han unido sus voces en el lanzamiento de su nuevo sencillo, Noches de Verano, marcando una colaboraci\u00f3n que promete ser un hito en la m\u00fasica pop contempor\u00e1nea.<\/p>\n<p>Este tema, que destila intimidad e intensidad, narra una historia de amor veraniega al ritmo de una melod\u00eda pop contagiosa, mostrando una faceta musical nueva de la puertorrique\u00f1a Villano Antillano, conocida por su incursi\u00f3n en el rap y lo urbano.<\/p>\n<p>La colaboraci\u00f3n surgi\u00f3 de manera org\u00e1nica durante un show de Antillano en Ciudad de M\u00e9xico, donde la qu\u00edmica entre ambos artistas se hizo evidente.<\/p>\n<p>Noches de Verano se erige como un puente entre dos mundos musicales, enriqueciendo el panorama pop con una narrativa sentimental que invita a los oyentes a sumergirse en recuerdos de veranos intensos y aventuras nocturnas.<\/p>\n<p>Esteman, el artista colombiano detr\u00e1s de \u00e9xitos como Reina Leona, ha expresado su entusiasmo por este proyecto.<\/p>\n<p>\u201cUna historia de verano intensa con un c\u00f3mplice que permite dar rienda suelta a las noches desenfrenadas e interminables&#8230; En medio de d\u00edas calurosos, la noche se convierte en refugio para los esp\u00edritus m\u00e1s curiosos\u201d, reflejando el esp\u00edritu libre y aventurero que caracteriza la canci\u00f3n.<\/p>\n<p>La producci\u00f3n del sencillo estuvo a cargo de Manu Lara, un reconocido productor que ha colaborado con figuras destacadas de la m\u00fasica como Kali Uchis y Bad Bunny, asegurando una calidad sonora que complementa perfectamente la esencia de Noches de Verano.<\/p>\n<p>La mezcla de talentos en la producci\u00f3n promete una experiencia auditiva rica y multidimensional que captura la esencia del verano y sus noches m\u00e1gicas.<\/p>\n<p>El lanzamiento del sencillo viene acompa\u00f1ado de un videoclip que captura la esencia de una fiesta nocturna en la ciudad, dirigido por George Gallardo Kattah. Este talentoso director, que ya ha trabajado previamente con Esteman, logra trasladar visualmente la atm\u00f3sfera festiva y sensual que \u00abNoches de Verano\u00bb evoca, creando un complemento visual perfecto para la canci\u00f3n.<\/p>\n","protected":false},"excerpt":{"rendered":"<p>Esteman y Villano Antillano han unido sus voces en el lanzamiento de su nuevo sencillo, Noches de Verano, marcando una colaboraci\u00f3n que promete ser un hito en la m\u00fasica pop contempor\u00e1nea. Este tema, que destila intimidad e intensidad, narra una historia de amor veraniega al ritmo de una melod\u00eda pop contagiosa, mostrando una faceta musical [&hellip;]<\/p>\n","protected":false},"author":1,"featured_media":32250,"comment_status":"open","ping_status":"closed","sticky":false,"template":"","format":"standard","meta":{"footnotes":""},"categories":[3],"tags":[],"class_list":["post-32248","post","type-post","status-publish","format-standard","has-post-thumbnail","hentry","category-espectaculos"],"_links":{"self":[{"href":"https:\/\/solidaridadnews.com\/index.php?rest_route=\/wp\/v2\/posts\/32248","targetHints":{"allow":["GET"]}}],"collection":[{"href":"https:\/\/solidaridadnews.com\/index.php?rest_route=\/wp\/v2\/posts"}],"about":[{"href":"https:\/\/solidaridadnews.com\/index.php?rest_route=\/wp\/v2\/types\/post"}],"author":[{"embeddable":true,"href":"https:\/\/solidaridadnews.com\/index.php?rest_route=\/wp\/v2\/users\/1"}],"replies":[{"embeddable":true,"href":"https:\/\/solidaridadnews.com\/index.php?rest_route=%2Fwp%2Fv2%2Fcomments&post=32248"}],"version-history":[{"count":1,"href":"https:\/\/solidaridadnews.com\/index.php?rest_route=\/wp\/v2\/posts\/32248\/revisions"}],"predecessor-version":[{"id":32249,"href":"https:\/\/solidaridadnews.com\/index.php?rest_route=\/wp\/v2\/posts\/32248\/revisions\/32249"}],"wp:featuredmedia":[{"embeddable":true,"href":"https:\/\/solidaridadnews.com\/index.php?rest_route=\/wp\/v2\/media\/32250"}],"wp:attachment":[{"href":"https:\/\/solidaridadnews.com\/index.php?rest_route=%2Fwp%2Fv2%2Fmedia&parent=32248"}],"wp:term":[{"taxonomy":"category","embeddable":true,"href":"https:\/\/solidaridadnews.com\/index.php?rest_route=%2Fwp%2Fv2%2Fcategories&post=32248"},{"taxonomy":"post_tag","embeddable":true,"href":"https:\/\/solidaridadnews.com\/index.php?rest_route=%2Fwp%2Fv2%2Ftags&post=32248"}],"curies":[{"name":"wp","href":"https:\/\/api.w.org\/{rel}","templated":true}]}}