{"id":32245,"date":"2024-03-15T00:40:37","date_gmt":"2024-03-15T05:40:37","guid":{"rendered":"https:\/\/solidaridadnews.com\/?p=32245"},"modified":"2024-03-15T05:40:38","modified_gmt":"2024-03-15T05:40:38","slug":"la-docuserie-de-jose-mourinho-ya-tiene-fecha-de-estreno","status":"publish","type":"post","link":"https:\/\/solidaridadnews.com\/?p=32245","title":{"rendered":"La docuserie de Jos\u00e9 Mourinho ya tiene fecha de estreno"},"content":{"rendered":"<p>Jos\u00e9 Mourinho es un t\u00e9cnico sin igual y sin comparaci\u00f3n; distinto, pol\u00e9mico.Tanto dentro como fuera de la cancha, es un personaje que siempre da de qu\u00e9 hablar y suele estar bajo los reflectores. Como \u00e9l mismo lo dijo en su presentaci\u00f3n con Chelsea en 2004, es &#8216;The Special One&#8217;.<\/p>\n<p>Ahora, se prepara para el estreno de la serie documental centrada en su larga carrera, una de las m\u00e1s exitosas de todos los tiempos. &#8216;Mourinho&#8217;, una producci\u00f3n de Netflix, incluir\u00e1 entrevistas exclusivas con el propio entrenador, adem\u00e1s de jugadores y compa\u00f1eros con los que ha compartido a lo largo de su trayectoria como estratega.<\/p>\n<p>Desde sus inicios como segundo entrenador de Barcelona, equipo al que venci\u00f3 tantas veces con el Real Madrid, hasta su salida de la Roma este a\u00f1o, el documental recorrer\u00e1 todos los momentos de la carrera del portugu\u00e9s con distintos clubes: Benfica, Leiria, Porto, Chelse (en dos ocasiones), Inter de Milan, Manchester United y Tottenham.<\/p>\n<p>\u00abLes doy una noticia, estoy iniciando un documental en Netflix, hay cosas que solo se sabr\u00e1n ah\u00ed. Y a partir de ah\u00ed sabr\u00e1s que soy un lun\u00e1tico total. Cuando veas el documental dir\u00e1s que soy un completo idiota. Mi presidente se enter\u00f3 de las ofertas que recib\u00ed. No creo que hablen con otros entrenadores a mis espaldas\u00bb, adelant\u00f3 el propio Mou hace un par de meses antes de su salida de la &#8216;Loba&#8217; y la llegada de Daniele De Rossi.<\/p>\n<p>La producci\u00f3n, que llegar\u00e1 de la mano de los productores de &#8216;Beckham&#8217;, la cual sali\u00f3 en 2023, se estrenar\u00e1 en 2025, aunque Netflix todav\u00eda no precis\u00f3 en qu\u00e9 fecha exacta.<\/p>\n","protected":false},"excerpt":{"rendered":"<p>Jos\u00e9 Mourinho es un t\u00e9cnico sin igual y sin comparaci\u00f3n; distinto, pol\u00e9mico.Tanto dentro como fuera de la cancha, es un personaje que siempre da de qu\u00e9 hablar y suele estar bajo los reflectores. Como \u00e9l mismo lo dijo en su presentaci\u00f3n con Chelsea en 2004, es &#8216;The Special One&#8217;. Ahora, se prepara para el estreno [&hellip;]<\/p>\n","protected":false},"author":1,"featured_media":32247,"comment_status":"open","ping_status":"closed","sticky":false,"template":"","format":"standard","meta":{"footnotes":""},"categories":[6],"tags":[],"class_list":["post-32245","post","type-post","status-publish","format-standard","has-post-thumbnail","hentry","category-deportes"],"_links":{"self":[{"href":"https:\/\/solidaridadnews.com\/index.php?rest_route=\/wp\/v2\/posts\/32245","targetHints":{"allow":["GET"]}}],"collection":[{"href":"https:\/\/solidaridadnews.com\/index.php?rest_route=\/wp\/v2\/posts"}],"about":[{"href":"https:\/\/solidaridadnews.com\/index.php?rest_route=\/wp\/v2\/types\/post"}],"author":[{"embeddable":true,"href":"https:\/\/solidaridadnews.com\/index.php?rest_route=\/wp\/v2\/users\/1"}],"replies":[{"embeddable":true,"href":"https:\/\/solidaridadnews.com\/index.php?rest_route=%2Fwp%2Fv2%2Fcomments&post=32245"}],"version-history":[{"count":1,"href":"https:\/\/solidaridadnews.com\/index.php?rest_route=\/wp\/v2\/posts\/32245\/revisions"}],"predecessor-version":[{"id":32246,"href":"https:\/\/solidaridadnews.com\/index.php?rest_route=\/wp\/v2\/posts\/32245\/revisions\/32246"}],"wp:featuredmedia":[{"embeddable":true,"href":"https:\/\/solidaridadnews.com\/index.php?rest_route=\/wp\/v2\/media\/32247"}],"wp:attachment":[{"href":"https:\/\/solidaridadnews.com\/index.php?rest_route=%2Fwp%2Fv2%2Fmedia&parent=32245"}],"wp:term":[{"taxonomy":"category","embeddable":true,"href":"https:\/\/solidaridadnews.com\/index.php?rest_route=%2Fwp%2Fv2%2Fcategories&post=32245"},{"taxonomy":"post_tag","embeddable":true,"href":"https:\/\/solidaridadnews.com\/index.php?rest_route=%2Fwp%2Fv2%2Ftags&post=32245"}],"curies":[{"name":"wp","href":"https:\/\/api.w.org\/{rel}","templated":true}]}}