{"id":32236,"date":"2024-03-14T12:25:14","date_gmt":"2024-03-14T17:25:14","guid":{"rendered":"https:\/\/solidaridadnews.com\/?p=32236"},"modified":"2024-03-14T17:25:15","modified_gmt":"2024-03-14T17:25:15","slug":"john-galliano-del-cielo-al-infierno","status":"publish","type":"post","link":"https:\/\/solidaridadnews.com\/?p=32236","title":{"rendered":"John Galliano, del cielo al infierno"},"content":{"rendered":"<p>Voy a contarte todo\u201d, se le escucha decir al dise\u00f1ador de moda John Galliano en el documental Ascenso y ca\u00edda: John Galliano.<\/p>\n<p>Para lograrlo, su director Kevin Macdonald logr\u00f3 ganarse la confianza de la celebridad a tal nivel que supo que era \u00e9l quien le dar\u00eda el justo valor a su historia, por lo que le permiti\u00f3 mostrar todos los claroscuros que ha dibujado.<\/p>\n<p>Tom\u00f3 un tiempo que estuviera completamente convencido porque, desde el principio, \u00e9l estaba seguro de hacer una pel\u00edcula de su vida, pero sab\u00eda que hab\u00eda que hacerlo mostrando todo (lo bueno y lo malo) y sab\u00eda que no todos iban a perdonarlo, pero quer\u00eda que la gente al menos lo entendiera, y \u00e9sa fue su motivaci\u00f3n.<\/p>\n<p>Por eso nunca tuvo ninguna restricci\u00f3n sobre lo que pod\u00eda o no hacer, decir o preguntar. Nada. Tampoco trajo a un representante o agente, ni se prepar\u00f3 de ninguna forma, nunca le di nada por adelantado, sino que s\u00f3lo fue estar nosotros dos sentados y hablando. Y realmente admiro ese aspecto, pues no cualquiera tiene la valent\u00eda de hacer algo as\u00ed, especialmente alguien cuya vida tuvo un episodio tan delicado\u201d, comparti\u00f3 Macdonald en entrevista con Exc\u00e9lsior y otros medios internacionales.<\/p>\n<p>La producci\u00f3n, disponible hoy en salas del pa\u00eds, recorre la carrera de Galliano desde sus inicios como estudiante de moda en la Central Saint Martins, hasta coronarse como director creativo de algunas de las mayores casas de moda del mundo, como Givenchy y Dior.<\/p>\n<p>Luego, su estrepitoso descenso al mismo infierno, cuando sus adicciones estuvieron a punto de aniquilar su sue\u00f1o, mostrando toda la gloria de su ingenio y los pecados de sus excesos, como el alabar a Hitler y gritar consignas antisemitas a una pareja jud\u00eda en un caf\u00e9, decepcionando a celebridades como Natalie Portman y Eva Green.<\/p>\n<p>Me siento atractivo a los personajes que son moralmente ambiguos, gente que es muy talentosa, pero que tambi\u00e9n tiene complejidades en su vida, y durante la pandemia pensaba mucho en esto del perd\u00f3n y c\u00f3mo lo ejercemos en nuestra sociedad, porque ha habido gente, incluso, cancelada y segregada. Habl\u00e9 con el rabino que tiene una participaci\u00f3n en la grabaci\u00f3n y le pregunt\u00e9 \u00bfpor qu\u00e9 estaba ayudando a John? y si no ser\u00eda peligroso que lo asociaran con \u00e9l y me dijo: \u2018\u00bfCu\u00e1l es el punto de cualquier religi\u00f3n si no crees que la gente puede cambiar?\u2019. As\u00ed que me movi\u00f3 mucho y pens\u00e9 en c\u00f3mo no hablamos mucho de la oportunidad de cambiar.<\/p>\n<p>Y al final, en ese sentido, creo que no se trata de una historia de todo este fen\u00f3meno, claro, son las bases, pero al final es sobre un individuo, sus circunstancias, enigma y misterio, porque realmente no puedes saber qu\u00e9 pas\u00f3 en la cabeza de John, \u00bfpor qu\u00e9 hizo esto?, \u00bfde d\u00f3nde vino?, si fue el alcohol o no, ese enigma se volvi\u00f3 fascinante para m\u00ed y a\u00fan ahora no s\u00e9 la verdad\u201d, destac\u00f3 el ganador al Oscar por el tambi\u00e9n documental Un d\u00eda de septiembre.<\/p>\n<p>Adem\u00e1s de los relatos salidos del modista, el material cuenta con contenido exclusivo tras bambalinas de las pasarelas y el mundo de la alta costura, y entrevistas con figuras como Naomi Campbell, Kate Moss, Pen\u00e9lope Cruz, Charlize Theron, Anna Wintour y Edward Enninful, quienes contribuyen a terminar de comprender el peso y relevancia que la figura de Galliano tiene para el mundo del fashionismo, pero tambi\u00e9n como sobreviviente de sus adicciones.<\/p>\n<p>Cuando lo vio por primera vez, porque tuve que ense\u00f1\u00e1rselo por si hab\u00eda que corregir hechos, sali\u00f3 del cine llorando y su pareja tambi\u00e9n. Estaban muy afectados y pens\u00e9: \u2018\u00a1Dios! Lo odia\u2019, pero en realidad pens\u00f3 que era poderosa y le gust\u00f3 tanto como te puede gustar verte a ti mismo en esa transici\u00f3n, y me hizo algunas correcciones, pero de alta costura \u00fanicamente. Jam\u00e1s trat\u00f3 de persuadir ni cambiar algo de los hechos que fueron filmados.<\/p>\n<p>Su \u00fanica petici\u00f3n fue que no quer\u00eda que el final fuera depresivo, de verdad quer\u00eda mostrar que hab\u00eda luz al final del t\u00fanel, porque como alguien que ha tenido un camino tan oscuro con las adicciones y como adicto, expuso que se transita por un largo periodo pensando en que la vida jam\u00e1s volver\u00e1 a ser igual y que no podr\u00e1s volver a crear ni hacer nada.<\/p>\n<p>\u00c9l lo sinti\u00f3. Lleg\u00f3 un momento en el que, incluso, crey\u00f3 que su creatividad estaba ligada a su adicci\u00f3n y que sin ello no podr\u00eda seguir, as\u00ed que despu\u00e9s se dio cuenta de que no y ha construido una vida feliz. John quer\u00eda que eso se viera reflejado para que otros adictos pudieran ver que hay otro camino\u201d, destac\u00f3 Kevin.<\/p>\n","protected":false},"excerpt":{"rendered":"<p>Voy a contarte todo\u201d, se le escucha decir al dise\u00f1ador de moda John Galliano en el documental Ascenso y ca\u00edda: John Galliano. Para lograrlo, su director Kevin Macdonald logr\u00f3 ganarse la confianza de la celebridad a tal nivel que supo que era \u00e9l quien le dar\u00eda el justo valor a su historia, por lo que [&hellip;]<\/p>\n","protected":false},"author":1,"featured_media":32238,"comment_status":"open","ping_status":"closed","sticky":false,"template":"","format":"standard","meta":{"footnotes":""},"categories":[3],"tags":[],"class_list":["post-32236","post","type-post","status-publish","format-standard","has-post-thumbnail","hentry","category-espectaculos"],"_links":{"self":[{"href":"https:\/\/solidaridadnews.com\/index.php?rest_route=\/wp\/v2\/posts\/32236","targetHints":{"allow":["GET"]}}],"collection":[{"href":"https:\/\/solidaridadnews.com\/index.php?rest_route=\/wp\/v2\/posts"}],"about":[{"href":"https:\/\/solidaridadnews.com\/index.php?rest_route=\/wp\/v2\/types\/post"}],"author":[{"embeddable":true,"href":"https:\/\/solidaridadnews.com\/index.php?rest_route=\/wp\/v2\/users\/1"}],"replies":[{"embeddable":true,"href":"https:\/\/solidaridadnews.com\/index.php?rest_route=%2Fwp%2Fv2%2Fcomments&post=32236"}],"version-history":[{"count":1,"href":"https:\/\/solidaridadnews.com\/index.php?rest_route=\/wp\/v2\/posts\/32236\/revisions"}],"predecessor-version":[{"id":32237,"href":"https:\/\/solidaridadnews.com\/index.php?rest_route=\/wp\/v2\/posts\/32236\/revisions\/32237"}],"wp:featuredmedia":[{"embeddable":true,"href":"https:\/\/solidaridadnews.com\/index.php?rest_route=\/wp\/v2\/media\/32238"}],"wp:attachment":[{"href":"https:\/\/solidaridadnews.com\/index.php?rest_route=%2Fwp%2Fv2%2Fmedia&parent=32236"}],"wp:term":[{"taxonomy":"category","embeddable":true,"href":"https:\/\/solidaridadnews.com\/index.php?rest_route=%2Fwp%2Fv2%2Fcategories&post=32236"},{"taxonomy":"post_tag","embeddable":true,"href":"https:\/\/solidaridadnews.com\/index.php?rest_route=%2Fwp%2Fv2%2Ftags&post=32236"}],"curies":[{"name":"wp","href":"https:\/\/api.w.org\/{rel}","templated":true}]}}