{"id":32233,"date":"2024-03-14T12:21:35","date_gmt":"2024-03-14T17:21:35","guid":{"rendered":"https:\/\/solidaridadnews.com\/?p=32233"},"modified":"2024-03-14T17:21:36","modified_gmt":"2024-03-14T17:21:36","slug":"oliver-stone-contara-el-renacer-de-lula-da-silva","status":"publish","type":"post","link":"https:\/\/solidaridadnews.com\/?p=32233","title":{"rendered":"Oliver Stone contar\u00e1 el renacer de Lula da Silva"},"content":{"rendered":"<p>PAR\u00cdS.\u2013 El cineasta estadunidense Oliver Stone acab\u00f3 un documental sobre el presidente brasile\u00f1o Luiz In\u00e1cio Lula da Silva, su encarcelamiento entre 2018 y 2019 y su regreso al poder, explic\u00f3 el realizador.<\/p>\n<p>Es sobre la persecuci\u00f3n judicial, sobre lo que sucedi\u00f3 cuando hab\u00eda sido un presidente con \u00e9xito y lo metieron en la c\u00e1rcel por corrupci\u00f3n, que es como se hacen las cosas habitualmente en esos pa\u00edses\u201d, declar\u00f3 Stone durante un viaje de promoci\u00f3n en Par\u00eds de su \u00faltima obra, Nuclear Now, un documental de defensa de la energ\u00eda nuclear.<\/p>\n<p>Por el momento no hay fecha de estreno, la cinta est\u00e1 pendiente de su presentaci\u00f3n, precis\u00f3 el cineasta.<\/p>\n<p>Stone ha sido un asiduo visitante del festival de Cannes, donde ha presentado varias obras.<\/p>\n<p>En 2021, present\u00f3 en el certamen franc\u00e9s JFK caso revisado, su \u00faltimo episodio de investigaci\u00f3n sobre el asesinato del presidente John F. Kennedy, uno de sus temas preferidos.<\/p>\n<p>A lo largo de m\u00e1s de cinco d\u00e9cadas, Stone ha rodado varias obras relacionadas con Latinoam\u00e9rica, empezando por Salvador, en 1986.<\/p>\n<p>Pero sus obras m\u00e1s controvertidas son dos documentales sobre sendas figuras pol\u00edticas de la regi\u00f3n: el venezolano Hugo Ch\u00e1vez (1954-2013) y el cubano Fidel Castro (1926-2016).<\/p>\n<p>Lula, Ch\u00e1vez y Castro, l\u00edderes \u201chumanistas\u201d<\/p>\n<p>Creo que la persecuci\u00f3n judicial se ha expandido por todo el mundo, y ha sido utilizada por motivos pol\u00edticos, como una herramienta pol\u00edtica. Pero todo el mundo es corrupto. Rusia funciona a base de corrupci\u00f3n, como Turqu\u00eda, o Estados Unidos\u201d, a\u00f1adi\u00f3 Stone, que tambi\u00e9n es autor de una serie de entrevistas con el l\u00edder ruso Vladimir Putin.<\/p>\n<p>Y eso fue lo que sucedi\u00f3 con Lula. Y le ayud\u00f3 un pirata inform\u00e1tico a salir de la c\u00e1rcel. Es una buena historia, la gente no lo sabe, excepto en Brasil\u201d, a\u00f1adi\u00f3.<\/p>\n<p>El rodaje de este documental sobre Lula se prolong\u00f3 durante meses y Stone viaj\u00f3 con el veterano pol\u00edtico brasile\u00f1o.<\/p>\n<p>En 2003, Stone estren\u00f3 Comandante, sobre Castro, un mandatario al que dedic\u00f3 otros dos documentales, en 2004 y 2012.<\/p>\n<p>Dos a\u00f1os despu\u00e9s (2014) sac\u00f3 Mi amigo Hugo, producido por la emisora oficial venezolana Telesur, una defensa del r\u00e9gimen chavista.<\/p>\n<p>Preguntado sobre qu\u00e9 similitudes ve entre Lula, Ch\u00e1vez y Castro, Stone contest\u00f3: \u201cson humanistas\u201d.<\/p>\n<p>Todos ellos son originales, hace lo mejor que pueden por sus pa\u00edses\u201d, a\u00f1adi\u00f3.<\/p>\n<p>Las acusaciones de lawfare o uso pol\u00edtico del sistema judicial tambi\u00e9n han sido proferidas por el expresidente estadunidense Donald Trump, quien est\u00e1 siendo investigado por casi un centenar de acusaciones formales, en pleno a\u00f1o electoral, tras alegar que las elecciones de 2016 le fueron \u201crobadas\u201d.<\/p>\n<p>Casi un centenar de acusaciones. Es rid\u00edculo. Lo quieren meter tras las rejas, pero no lo conseguir\u00e1n, a mi juicio\u201d, asegur\u00f3 el cineasta, que sin embargo no oculta su hostilidad respecto al candidato republicano.<\/p>\n<p>Soy un libre pensador\u201d, dice Stone.<\/p>\n<p>Asegura que no votar\u00e1 por Trump en las elecciones de noviembre, pero tampoco por el actual presidente Joe Biden, al que acusa de \u201cbelicista\u201d.<\/p>\n<p>Con entrevistas como la que realiz\u00f3 a Putin, Stone se ha ido labrando una reputaci\u00f3n de marginal en Hollywood, e incluso es acusado de conspiracionista, pero dice que todo ello le importa muy poco.<\/p>\n<p>Que se jodan\u201d, asegura con una sonrisa.<\/p>\n<p>Ganador de tres premios Oscar como director, Stone acepta que volver a los largometrajes de ficci\u00f3n es dif\u00edcil.<\/p>\n<p>Me gustar\u00eda hacer uno, pero depende de los dioses, \u00bfsabe? No puedes dictarlo. Tienes que tenerlo todo en orden, es complicado hacer una pel\u00edcula\u201d, sentenci\u00f3.<\/p>\n","protected":false},"excerpt":{"rendered":"<p>PAR\u00cdS.\u2013 El cineasta estadunidense Oliver Stone acab\u00f3 un documental sobre el presidente brasile\u00f1o Luiz In\u00e1cio Lula da Silva, su encarcelamiento entre 2018 y 2019 y su regreso al poder, explic\u00f3 el realizador. Es sobre la persecuci\u00f3n judicial, sobre lo que sucedi\u00f3 cuando hab\u00eda sido un presidente con \u00e9xito y lo metieron en la c\u00e1rcel por [&hellip;]<\/p>\n","protected":false},"author":1,"featured_media":32235,"comment_status":"open","ping_status":"closed","sticky":false,"template":"","format":"standard","meta":{"footnotes":""},"categories":[3],"tags":[],"class_list":["post-32233","post","type-post","status-publish","format-standard","has-post-thumbnail","hentry","category-espectaculos"],"_links":{"self":[{"href":"https:\/\/solidaridadnews.com\/index.php?rest_route=\/wp\/v2\/posts\/32233","targetHints":{"allow":["GET"]}}],"collection":[{"href":"https:\/\/solidaridadnews.com\/index.php?rest_route=\/wp\/v2\/posts"}],"about":[{"href":"https:\/\/solidaridadnews.com\/index.php?rest_route=\/wp\/v2\/types\/post"}],"author":[{"embeddable":true,"href":"https:\/\/solidaridadnews.com\/index.php?rest_route=\/wp\/v2\/users\/1"}],"replies":[{"embeddable":true,"href":"https:\/\/solidaridadnews.com\/index.php?rest_route=%2Fwp%2Fv2%2Fcomments&post=32233"}],"version-history":[{"count":1,"href":"https:\/\/solidaridadnews.com\/index.php?rest_route=\/wp\/v2\/posts\/32233\/revisions"}],"predecessor-version":[{"id":32234,"href":"https:\/\/solidaridadnews.com\/index.php?rest_route=\/wp\/v2\/posts\/32233\/revisions\/32234"}],"wp:featuredmedia":[{"embeddable":true,"href":"https:\/\/solidaridadnews.com\/index.php?rest_route=\/wp\/v2\/media\/32235"}],"wp:attachment":[{"href":"https:\/\/solidaridadnews.com\/index.php?rest_route=%2Fwp%2Fv2%2Fmedia&parent=32233"}],"wp:term":[{"taxonomy":"category","embeddable":true,"href":"https:\/\/solidaridadnews.com\/index.php?rest_route=%2Fwp%2Fv2%2Fcategories&post=32233"},{"taxonomy":"post_tag","embeddable":true,"href":"https:\/\/solidaridadnews.com\/index.php?rest_route=%2Fwp%2Fv2%2Ftags&post=32233"}],"curies":[{"name":"wp","href":"https:\/\/api.w.org\/{rel}","templated":true}]}}