{"id":32230,"date":"2024-03-14T12:03:38","date_gmt":"2024-03-14T17:03:38","guid":{"rendered":"https:\/\/solidaridadnews.com\/?p=32230"},"modified":"2024-03-14T17:03:39","modified_gmt":"2024-03-14T17:03:39","slug":"atletas-mexicanos-vestiran-nueva-marca-deportiva-en-paris-2024","status":"publish","type":"post","link":"https:\/\/solidaridadnews.com\/?p=32230","title":{"rendered":"Atletas mexicanos vestir\u00e1n nueva marca deportiva en Par\u00eds 2024"},"content":{"rendered":"<p>La delegaci\u00f3n mexicana que participar\u00e1 en los pr\u00f3ximos Juegos Ol\u00edmpicos de Par\u00eds 2024, conoci\u00f3 a la nueva marca deportiva que estar\u00e1 visti\u00e9ndolos en dicha justa deportiva, pues se anunci\u00f3 que Charly se encargar\u00e1 de dise\u00f1ar la indumentaria que utilizar\u00e1n los atletas de nuestro pa\u00eds, situaci\u00f3n que es muy especial para todos los involucrados, as\u00ed lo mencion\u00f3 Mauricio Rodr\u00edguez, Head de Sports Marketing de Charly.<\/p>\n<p>Hemos hecho colaboraciones espectaculares dentro del futbol que le han dado la vuelta al mundo, pero hoy para nosotros est\u00e1 es la colaboraci\u00f3n m\u00e1s importante que hemos tenido, porque compartimos los mismos valores y entendemos que una marca mexicana tendr\u00eda que vestir a los atletas mexicanos\u00bb, manifest\u00f3.<\/p>\n<p>El convenio con el Comit\u00e9 Ol\u00edmpico Mexicano (COM) para vestir a los deportistas nacionales, comenzar\u00e1 en 2024 y finalizar\u00e1 hasta el 2028, mencion\u00f3 Rodr\u00edguez.<\/p>\n<p>De manera orgullosa podemos decir que hemos cerrado un acuerdo desde Par\u00eds 2024 hasta Los \u00c1ngeles 2028 y esto es s\u00f3lo el inicio, eso me dijo Marijose, pero venimos por una alianza a largo plazo, tenemos los cimientos y la infraestructura que nos caracteriza, es en lo que somos muy fuertes y no les vamos a fallar\u00bb, coment\u00f3.<\/p>\n<p>Por su parte, Marijose Alcal\u00e1, presidenta del COM, se\u00f1al\u00f3 que la marca de ropa deportiva, no s\u00f3lo vestir\u00e1 a los atletas de alto rendimiento, sino tambi\u00e9n a juveniles de deportes de invierno.<\/p>\n<p>Charly estar\u00e1 vistiendo a todas nuestras delegaciones, desde Panamericanos Junior, desde Juegos Ol\u00edmpicos de la Juventud, Juegos Ol\u00edmpicos de Invierno, los de verano, queremos que todas las federaciones se sientan bien atendidas por nuestro patrocinador\u201d, sentenci\u00f3.<\/p>\n","protected":false},"excerpt":{"rendered":"<p>La delegaci\u00f3n mexicana que participar\u00e1 en los pr\u00f3ximos Juegos Ol\u00edmpicos de Par\u00eds 2024, conoci\u00f3 a la nueva marca deportiva que estar\u00e1 visti\u00e9ndolos en dicha justa deportiva, pues se anunci\u00f3 que Charly se encargar\u00e1 de dise\u00f1ar la indumentaria que utilizar\u00e1n los atletas de nuestro pa\u00eds, situaci\u00f3n que es muy especial para todos los involucrados, as\u00ed lo [&hellip;]<\/p>\n","protected":false},"author":1,"featured_media":32232,"comment_status":"open","ping_status":"closed","sticky":false,"template":"","format":"standard","meta":{"footnotes":""},"categories":[6],"tags":[],"class_list":["post-32230","post","type-post","status-publish","format-standard","has-post-thumbnail","hentry","category-deportes"],"_links":{"self":[{"href":"https:\/\/solidaridadnews.com\/index.php?rest_route=\/wp\/v2\/posts\/32230","targetHints":{"allow":["GET"]}}],"collection":[{"href":"https:\/\/solidaridadnews.com\/index.php?rest_route=\/wp\/v2\/posts"}],"about":[{"href":"https:\/\/solidaridadnews.com\/index.php?rest_route=\/wp\/v2\/types\/post"}],"author":[{"embeddable":true,"href":"https:\/\/solidaridadnews.com\/index.php?rest_route=\/wp\/v2\/users\/1"}],"replies":[{"embeddable":true,"href":"https:\/\/solidaridadnews.com\/index.php?rest_route=%2Fwp%2Fv2%2Fcomments&post=32230"}],"version-history":[{"count":1,"href":"https:\/\/solidaridadnews.com\/index.php?rest_route=\/wp\/v2\/posts\/32230\/revisions"}],"predecessor-version":[{"id":32231,"href":"https:\/\/solidaridadnews.com\/index.php?rest_route=\/wp\/v2\/posts\/32230\/revisions\/32231"}],"wp:featuredmedia":[{"embeddable":true,"href":"https:\/\/solidaridadnews.com\/index.php?rest_route=\/wp\/v2\/media\/32232"}],"wp:attachment":[{"href":"https:\/\/solidaridadnews.com\/index.php?rest_route=%2Fwp%2Fv2%2Fmedia&parent=32230"}],"wp:term":[{"taxonomy":"category","embeddable":true,"href":"https:\/\/solidaridadnews.com\/index.php?rest_route=%2Fwp%2Fv2%2Fcategories&post=32230"},{"taxonomy":"post_tag","embeddable":true,"href":"https:\/\/solidaridadnews.com\/index.php?rest_route=%2Fwp%2Fv2%2Ftags&post=32230"}],"curies":[{"name":"wp","href":"https:\/\/api.w.org\/{rel}","templated":true}]}}