{"id":32216,"date":"2024-03-13T12:17:17","date_gmt":"2024-03-13T17:17:17","guid":{"rendered":"https:\/\/solidaridadnews.com\/?p=32216"},"modified":"2024-03-13T17:17:20","modified_gmt":"2024-03-13T17:17:20","slug":"amlo-celebra-aparicion-de-dos-agentes-de-la-fgr-y-del-periodista-jaime-barrera","status":"publish","type":"post","link":"https:\/\/solidaridadnews.com\/?p=32216","title":{"rendered":"AMLO celebra aparici\u00f3n de dos agentes de la FGR y del periodista Jaime Barrera"},"content":{"rendered":"<p>El presidente mexicano, Andr\u00e9s Manuel L\u00f3pez Obrador, celebr\u00f3 este mi\u00e9rcoles que encontraron vivos a los dos agentes de la Fiscal\u00eda General de la Rep\u00fablica (FGR) que desaparecieron mientras investigaban el caso de los 43 normalistas desaparecidos de Ayotzinapa.<\/p>\n<p>Me da mucho gusto porque hab\u00eda dos servidores p\u00fablicos desaparecidos de la Fiscal\u00eda General de la Rep\u00fablica que est\u00e1n haciendo trabajo, porque estamos en la b\u00fasqueda de los j\u00f3venes de Ayotzinapa, porque estamos avanzando, y ya aparecieron\u201d, dijo el mandatario sin mayores detalles durante su rueda de prensa matutina.<\/p>\n<p>Los agentes estaban reportados como desaparecidos desde el domingo pasado mientras iban al sure\u00f1o estado mexicano de Guerrero a investigar el caso Ayotzinapa.<\/p>\n<p>De acuerdo con la propia versi\u00f3n que dio el martes L\u00f3pez Obrador, los agentes son un hombre y una mujer que trabajan en la FGR.<\/p>\n<p>La \u00faltima vez que alguien hab\u00eda visto a los agentes fue el domingo pasado en Cuernavaca, capital del estado de Morelos, donde la Comisi\u00f3n Estatal de B\u00fasqueda de Personas difundi\u00f3 las fichas informativas de Suay Kassandra Dom\u00ednguez y Enrique Linares.<\/p>\n<p>Aunque algunos medios reportaron que los oficiales investigar\u00edan el homicidio de Yanqui Kothan G\u00f3mez, estudiante de la normal de Ayotzinapa asesinado la semana pasada en un ret\u00e9n de la Polic\u00eda de Guerrero, L\u00f3pez Obrador record\u00f3 que indagaban el caso de los 43 j\u00f3venes de esa escuela que desaparecieron en septiembre de 2014.<\/p>\n<p>Asimismo, el mandatario aplaudi\u00f3 la aparici\u00f3n del periodista Jaime Barrera, presentador del noticiero de N+ de Televisa Guadalajara, que estaba secuestrado desde el lunes.<\/p>\n<p>Tambi\u00e9n en la madrugada de hoy liberaron ya al compa\u00f1ero conductor de televisi\u00f3n de Guadalajara, de Jalisco\u201d, se\u00f1al\u00f3.<\/p>\n<p>El caso de Barrera despert\u00f3 la atenci\u00f3n de organizaciones como la Sociedad Interamericana de Prensa (SIP), Art\u00edculo 19, el Comit\u00e9 de Protecci\u00f3n para Periodistas (CPJ, en ingl\u00e9s) y la Oficina en M\u00e9xico del Alto Comisionado de las Naciones Unidas para los Derechos Humanos (ONU-DH).<\/p>\n<p>M\u00e9xico vive una crisis de desaparecidos con m\u00e1s de 100 mil personas no localizadas desde que hay registro, seg\u00fan el censo oficial de la Comisi\u00f3n Nacional de B\u00fasqueda (CNB) que L\u00f3pez Obrador pretende modificar.<\/p>\n<p>&nbsp;<\/p>\n<p>&nbsp;<\/p>\n","protected":false},"excerpt":{"rendered":"<p>El presidente mexicano, Andr\u00e9s Manuel L\u00f3pez Obrador, celebr\u00f3 este mi\u00e9rcoles que encontraron vivos a los dos agentes de la Fiscal\u00eda General de la Rep\u00fablica (FGR) que desaparecieron mientras investigaban el caso de los 43 normalistas desaparecidos de Ayotzinapa. Me da mucho gusto porque hab\u00eda dos servidores p\u00fablicos desaparecidos de la Fiscal\u00eda General de la Rep\u00fablica [&hellip;]<\/p>\n","protected":false},"author":1,"featured_media":32218,"comment_status":"open","ping_status":"closed","sticky":false,"template":"","format":"standard","meta":{"footnotes":""},"categories":[2],"tags":[],"class_list":["post-32216","post","type-post","status-publish","format-standard","has-post-thumbnail","hentry","category-nacional"],"_links":{"self":[{"href":"https:\/\/solidaridadnews.com\/index.php?rest_route=\/wp\/v2\/posts\/32216","targetHints":{"allow":["GET"]}}],"collection":[{"href":"https:\/\/solidaridadnews.com\/index.php?rest_route=\/wp\/v2\/posts"}],"about":[{"href":"https:\/\/solidaridadnews.com\/index.php?rest_route=\/wp\/v2\/types\/post"}],"author":[{"embeddable":true,"href":"https:\/\/solidaridadnews.com\/index.php?rest_route=\/wp\/v2\/users\/1"}],"replies":[{"embeddable":true,"href":"https:\/\/solidaridadnews.com\/index.php?rest_route=%2Fwp%2Fv2%2Fcomments&post=32216"}],"version-history":[{"count":1,"href":"https:\/\/solidaridadnews.com\/index.php?rest_route=\/wp\/v2\/posts\/32216\/revisions"}],"predecessor-version":[{"id":32217,"href":"https:\/\/solidaridadnews.com\/index.php?rest_route=\/wp\/v2\/posts\/32216\/revisions\/32217"}],"wp:featuredmedia":[{"embeddable":true,"href":"https:\/\/solidaridadnews.com\/index.php?rest_route=\/wp\/v2\/media\/32218"}],"wp:attachment":[{"href":"https:\/\/solidaridadnews.com\/index.php?rest_route=%2Fwp%2Fv2%2Fmedia&parent=32216"}],"wp:term":[{"taxonomy":"category","embeddable":true,"href":"https:\/\/solidaridadnews.com\/index.php?rest_route=%2Fwp%2Fv2%2Fcategories&post=32216"},{"taxonomy":"post_tag","embeddable":true,"href":"https:\/\/solidaridadnews.com\/index.php?rest_route=%2Fwp%2Fv2%2Ftags&post=32216"}],"curies":[{"name":"wp","href":"https:\/\/api.w.org\/{rel}","templated":true}]}}