{"id":32201,"date":"2024-03-12T11:57:24","date_gmt":"2024-03-12T16:57:24","guid":{"rendered":"https:\/\/solidaridadnews.com\/?p=32201"},"modified":"2024-03-12T16:57:25","modified_gmt":"2024-03-12T16:57:25","slug":"arman-bloque-contra-violencia-haitiana-reunion-de-caricom","status":"publish","type":"post","link":"https:\/\/solidaridadnews.com\/?p=32201","title":{"rendered":"Arman bloque contra violencia haitiana; reuni\u00f3n de Caricom"},"content":{"rendered":"<p>Frente a la crisis social y de violencia que enfrenta Hait\u00ed, M\u00e9xico manifest\u00f3 su respaldo e inter\u00e9s de participar en el despliegue de una misi\u00f3n multinacional que devuelva condiciones de seguridad y que permita avanzar en el establecimiento de un consejo presidencial que conduzca a nuevas elecciones.<\/p>\n<p>En Jamaica, durante una reuni\u00f3n convocada por la presidencia de la Comunidad de Estados del Caribe (Caricom), la canciller mexicana, Alicia B\u00e1rcena, afirm\u00f3 que la soluci\u00f3n permanente a la situaci\u00f3n en el pa\u00eds caribe\u00f1o s\u00f3lo puede venir desde dentro.<\/p>\n<p>Agreg\u00f3 que debe incluir a todos los actores que \u201cno implique injerencia extranjera, sino el apoyo real de la comunidad internacional\u201d.<\/p>\n<p>Ante la ausencia del primer ministro, quien est\u00e1 en Puerto Rico desde el martes pasado y renunci\u00f3 ayer, las autoridades han intentado frenar la violencia con un estado de emergencia de un mes y un toque de queda nocturno.<\/p>\n<p>Ante este panorama, la secretaria particip\u00f3 en el encuentro de la Caricom con los integrantes del organismo, junto al secretario de Estado de Estados Unidos, Antony Blinken.<\/p>\n<p>\u201cLo que se est\u00e1 haciendo es c\u00f3mo poder llegar a una gobernabilidad con nuevas elecciones, un consejo que pueda designar a un primer ministro, un consejo electoral y que tenga la responsabilidad de lograr una transici\u00f3n con orden y seguridad\u201d, expres\u00f3 a trav\u00e9s de un video difundido por la SRE.<\/p>\n<p>Advirti\u00f3 que las repercusiones de esta situaci\u00f3n conllevan implicaciones en fen\u00f3menos que trascienden fronteras, como la migraci\u00f3n irregular y el tr\u00e1fico de personas. En los \u00faltimos a\u00f1os, M\u00e9xico ha dado refugio a m\u00e1s de 43 mil haitianos.<\/p>\n<p>En este sentido, resalt\u00f3 el respaldo en programas de cooperaci\u00f3n y capacitaci\u00f3n destinados a la Polic\u00eda Nacional y las Fuerzas Armadas. A la fecha se ha capacitado a 762 oficiales haitianos.<\/p>\n<p>La reuni\u00f3n en Kingston estuvo encabezada por el primer ministro de Jamaica, Andrew Holness, en su calidad de anfitri\u00f3n y por Irfaan Ali, mandatario de Guyana y actual presidente del organismo regional.<\/p>\n<p>\u201cEsta reuni\u00f3n ser\u00e1 la \u00faltima de una serie de esfuerzos de facilitaci\u00f3n del bloque regional para avanzar en el di\u00e1logo pol\u00edtico y el consenso en Hait\u00ed\u201d, destac\u00f3 Holness.<\/p>\n<p>Por los hechos de violencia en Hait\u00ed, la embajada mexicana en Puerto Pr\u00edncipe, al igual que otra veintena de representaciones diplom\u00e1ticas permanecen cerradas luego de los disturbios violentos ocurridos el s\u00e1bado 2 de marzo cuando se liber\u00f3 a m\u00e1s de 3 mil 700 presos de c\u00e1rceles de m\u00e1xima seguridad.<\/p>\n<p>El a\u00f1o pasado, el Consejo de Seguridad de la ONU hab\u00eda acordado el env\u00edo de una misi\u00f3n internacional dirigida por Kenia para apoyar a la polic\u00eda haitiana, pero su despliegue se hace esperar.<\/p>\n<p>\u201cHait\u00ed debe encontrar su camino, hay que haitianizar Hait\u00ed, que sientan que este proceso es de ellos y que busquen una salida que pueda llevar a la paz\u201d, concluy\u00f3 la canciller mexicana.<\/p>\n<p>&nbsp;<\/p>\n<p>&nbsp;<\/p>\n<p>Renuncia premier tras di\u00e1logo<\/p>\n<p>KINGSTON.\u2014 El primer ministro de Hait\u00ed, Ariel Henry, renunci\u00f3 ayer su cargo, en medio de la ola de violencia en el pa\u00eds caribe\u00f1o.<\/p>\n<p>\u201cTomamos nota de la dimisi\u00f3n del primer ministro, Ariel Henry, la creaci\u00f3n de un Consejo presidencial de Transici\u00f3n y el nombramiento de un primer ministro interino\u201d, declar\u00f3 el mantadario de Guyana y presidente de turno de la Comunidad del Caribe (Caricom), Irfaan Ali, despu\u00e9s de una sesi\u00f3n del bloque regional.<\/p>\n<p>Henry lleg\u00f3 al cargo tras la crisis pol\u00edtica derivada del asesinato de su antecesor, Jovenel Moise, en 2021. \u2014DPA<\/p>\n","protected":false},"excerpt":{"rendered":"<p>Frente a la crisis social y de violencia que enfrenta Hait\u00ed, M\u00e9xico manifest\u00f3 su respaldo e inter\u00e9s de participar en el despliegue de una misi\u00f3n multinacional que devuelva condiciones de seguridad y que permita avanzar en el establecimiento de un consejo presidencial que conduzca a nuevas elecciones. En Jamaica, durante una reuni\u00f3n convocada por la [&hellip;]<\/p>\n","protected":false},"author":1,"featured_media":32203,"comment_status":"open","ping_status":"closed","sticky":false,"template":"","format":"standard","meta":{"footnotes":""},"categories":[9],"tags":[],"class_list":["post-32201","post","type-post","status-publish","format-standard","has-post-thumbnail","hentry","category-internacional"],"_links":{"self":[{"href":"https:\/\/solidaridadnews.com\/index.php?rest_route=\/wp\/v2\/posts\/32201","targetHints":{"allow":["GET"]}}],"collection":[{"href":"https:\/\/solidaridadnews.com\/index.php?rest_route=\/wp\/v2\/posts"}],"about":[{"href":"https:\/\/solidaridadnews.com\/index.php?rest_route=\/wp\/v2\/types\/post"}],"author":[{"embeddable":true,"href":"https:\/\/solidaridadnews.com\/index.php?rest_route=\/wp\/v2\/users\/1"}],"replies":[{"embeddable":true,"href":"https:\/\/solidaridadnews.com\/index.php?rest_route=%2Fwp%2Fv2%2Fcomments&post=32201"}],"version-history":[{"count":1,"href":"https:\/\/solidaridadnews.com\/index.php?rest_route=\/wp\/v2\/posts\/32201\/revisions"}],"predecessor-version":[{"id":32202,"href":"https:\/\/solidaridadnews.com\/index.php?rest_route=\/wp\/v2\/posts\/32201\/revisions\/32202"}],"wp:featuredmedia":[{"embeddable":true,"href":"https:\/\/solidaridadnews.com\/index.php?rest_route=\/wp\/v2\/media\/32203"}],"wp:attachment":[{"href":"https:\/\/solidaridadnews.com\/index.php?rest_route=%2Fwp%2Fv2%2Fmedia&parent=32201"}],"wp:term":[{"taxonomy":"category","embeddable":true,"href":"https:\/\/solidaridadnews.com\/index.php?rest_route=%2Fwp%2Fv2%2Fcategories&post=32201"},{"taxonomy":"post_tag","embeddable":true,"href":"https:\/\/solidaridadnews.com\/index.php?rest_route=%2Fwp%2Fv2%2Ftags&post=32201"}],"curies":[{"name":"wp","href":"https:\/\/api.w.org\/{rel}","templated":true}]}}