{"id":32186,"date":"2024-03-11T13:01:11","date_gmt":"2024-03-11T18:01:11","guid":{"rendered":"https:\/\/solidaridadnews.com\/?p=32186"},"modified":"2024-03-11T18:01:12","modified_gmt":"2024-03-11T18:01:12","slug":"zelenski-rechaza-rendicion-ante-rusia-sugerencia-del-papa","status":"publish","type":"post","link":"https:\/\/solidaridadnews.com\/?p=32186","title":{"rendered":"Zelenski rechaza rendici\u00f3n ante Rusia; sugerencia del Papa"},"content":{"rendered":"<p>El presidente de Ucrania, Volod\u00edmir Zelenski, reproch\u00f3 al Papa la idea de que su pa\u00eds debe rendirse ante Rusia.<\/p>\n<p>\u201cLe doy las gracias a los capellanes ucranianos que est\u00e1n con el ej\u00e9rcito, con las Fuerzas de Defensa. Est\u00e1n en el frente, protegiendo la vida y la humanidad y apoyando con sus oraciones, palabras y actos. Eso es lo que hace la iglesia, estar con la gente, no en alg\u00fan lugar a dos mil 500 kil\u00f3metros mediando virtualmente entre quien quiere vivir y quien quiere destruirnos\u201d, afirm\u00f3 Zelenski.<\/p>\n<p>Por su parte, el ministro de Asuntos Exteriores de Ucrania, Dmitr\u00f3 Kuleba, dijo al Vaticano que preste especial atenci\u00f3n a su papel en la Segunda Guerra Mundial, en respuesta al llamamiento de Francisco a mostrar \u201cel coraje de izar la bandera blanca\u201d y negociar con Rusia.<\/p>\n<p>Kuleba, escribi\u00f3 en X que la persona fuerte en cualquier disputa \u201cse sit\u00faa del lado del bien en lugar de intentar poner a ambos en el mismo plano y llamarlo \u2018negociaciones\u2019\u201d.<\/p>\n<p>\u201cNuestra bandera es amarilla y azul. \u00c9sta es la bandera por la que vivimos,morimos y prevalecemos. Nunca izaremos ninguna otra bandera\u201d, dijo.<\/p>\n<p>Kuleba tambi\u00e9n se refiri\u00f3 a que el papa P\u00edo XII no actu\u00f3 contra los nazis en la Segunda Guerra. \u201c En lo que respecta a la bandera blanca, conocemos la estrategia de este Vaticano. Insto (al Vaticano) a que evite repetir los errores del pasado\u201d, dijo.<\/p>\n","protected":false},"excerpt":{"rendered":"<p>El presidente de Ucrania, Volod\u00edmir Zelenski, reproch\u00f3 al Papa la idea de que su pa\u00eds debe rendirse ante Rusia. \u201cLe doy las gracias a los capellanes ucranianos que est\u00e1n con el ej\u00e9rcito, con las Fuerzas de Defensa. Est\u00e1n en el frente, protegiendo la vida y la humanidad y apoyando con sus oraciones, palabras y actos. [&hellip;]<\/p>\n","protected":false},"author":1,"featured_media":32188,"comment_status":"open","ping_status":"closed","sticky":false,"template":"","format":"standard","meta":{"footnotes":""},"categories":[9],"tags":[],"class_list":["post-32186","post","type-post","status-publish","format-standard","has-post-thumbnail","hentry","category-internacional"],"_links":{"self":[{"href":"https:\/\/solidaridadnews.com\/index.php?rest_route=\/wp\/v2\/posts\/32186","targetHints":{"allow":["GET"]}}],"collection":[{"href":"https:\/\/solidaridadnews.com\/index.php?rest_route=\/wp\/v2\/posts"}],"about":[{"href":"https:\/\/solidaridadnews.com\/index.php?rest_route=\/wp\/v2\/types\/post"}],"author":[{"embeddable":true,"href":"https:\/\/solidaridadnews.com\/index.php?rest_route=\/wp\/v2\/users\/1"}],"replies":[{"embeddable":true,"href":"https:\/\/solidaridadnews.com\/index.php?rest_route=%2Fwp%2Fv2%2Fcomments&post=32186"}],"version-history":[{"count":1,"href":"https:\/\/solidaridadnews.com\/index.php?rest_route=\/wp\/v2\/posts\/32186\/revisions"}],"predecessor-version":[{"id":32187,"href":"https:\/\/solidaridadnews.com\/index.php?rest_route=\/wp\/v2\/posts\/32186\/revisions\/32187"}],"wp:featuredmedia":[{"embeddable":true,"href":"https:\/\/solidaridadnews.com\/index.php?rest_route=\/wp\/v2\/media\/32188"}],"wp:attachment":[{"href":"https:\/\/solidaridadnews.com\/index.php?rest_route=%2Fwp%2Fv2%2Fmedia&parent=32186"}],"wp:term":[{"taxonomy":"category","embeddable":true,"href":"https:\/\/solidaridadnews.com\/index.php?rest_route=%2Fwp%2Fv2%2Fcategories&post=32186"},{"taxonomy":"post_tag","embeddable":true,"href":"https:\/\/solidaridadnews.com\/index.php?rest_route=%2Fwp%2Fv2%2Ftags&post=32186"}],"curies":[{"name":"wp","href":"https:\/\/api.w.org\/{rel}","templated":true}]}}