{"id":32180,"date":"2024-03-11T11:49:35","date_gmt":"2024-03-11T16:49:35","guid":{"rendered":"https:\/\/solidaridadnews.com\/?p=32180"},"modified":"2024-03-11T16:49:37","modified_gmt":"2024-03-11T16:49:37","slug":"tania-ruiz-puso-fin-a-su-noviazgo-con-manuel-serrano-ortega","status":"publish","type":"post","link":"https:\/\/solidaridadnews.com\/?p=32180","title":{"rendered":"Tania Ruiz puso fin a su noviazgo con Manuel Serrano Ortega"},"content":{"rendered":"<p>La modelo mexicana, Tania Ruiz Eichelmann, originaria de San Luis Potos\u00ed, ha dado de qu\u00e9 hablar este fin de semana, despu\u00e9s de que una revista de sociales diera a conocer una actualizaci\u00f3n sobre su estado sentimental.<\/p>\n<p>De acuerdo con la revista \u2018Hola!\u2019, la modelo de 36 a\u00f1os, habr\u00eda puesto fin a su relaci\u00f3n sentimental con el empresario e ingeniero industrial Manuel Serrano Ortega.<\/p>\n<p>Tania Ruiz y Manuel Serrano se hab\u00edan dejado ver muy enamorados en diversas ocasiones durante los \u00faltimos cinco meses, luego de que en octubre de 2023, la reconocida modelo hiciera p\u00fablica su relaci\u00f3n sentimental.<br \/>\nLuego de que Tania publicara su noviazgo con una serie de fotos, de manera regular sol\u00eda compartir algunas actualizaciones de su relaci\u00f3n; como cenas con amigos y sus salidas de esparcimiento.<\/p>\n<p>En las im\u00e1genes que Tania sol\u00eda compartir, la modelo, que en el pasado mantuvo una relaci\u00f3n con el expresidente Enrique Pe\u00f1a Nieto; Manuel Serrano se dejaba ver por dem\u00e1s enamorado de ella, de hecho, de acuerdo con la referida publicaci\u00f3n, la decisi\u00f3n de romper con su relaci\u00f3n se deber\u00eda m\u00e1s a un tema de distancia que de sentimientos.<\/p>\n<p>Seg\u00fan la informaci\u00f3n difundida, la vida ajetreada de ambos y la diferencia de lugares de trabajo habr\u00eda marcado una brecha en su relaci\u00f3n, dej\u00e1ndolos sin alternativas para continuar; se sabe que la pareja habr\u00eda terminado la relaci\u00f3n como amigos.<\/p>\n<p>Este fin de semana, la modelo comparti\u00f3 varias publicaciones en su Instagram que dejan entrever el mal momento que vive a nivel personal, pues apareci\u00f3 en una fiesta, por el cumplea\u00f1os de su hermano, sin embargo, Ruiz Eichelmann reconoci\u00f3 que &#8216;no ten\u00eda ganas&#8217; de asistir, pero accedi\u00f3 ante la insistencia de su hermano. Por otra parte, la modelo comparti\u00f3 una reflexi\u00f3n en la noche de este domingo.<\/p>\n","protected":false},"excerpt":{"rendered":"<p>La modelo mexicana, Tania Ruiz Eichelmann, originaria de San Luis Potos\u00ed, ha dado de qu\u00e9 hablar este fin de semana, despu\u00e9s de que una revista de sociales diera a conocer una actualizaci\u00f3n sobre su estado sentimental. De acuerdo con la revista \u2018Hola!\u2019, la modelo de 36 a\u00f1os, habr\u00eda puesto fin a su relaci\u00f3n sentimental con [&hellip;]<\/p>\n","protected":false},"author":1,"featured_media":32182,"comment_status":"open","ping_status":"closed","sticky":false,"template":"","format":"standard","meta":{"footnotes":""},"categories":[3],"tags":[],"class_list":["post-32180","post","type-post","status-publish","format-standard","has-post-thumbnail","hentry","category-espectaculos"],"_links":{"self":[{"href":"https:\/\/solidaridadnews.com\/index.php?rest_route=\/wp\/v2\/posts\/32180","targetHints":{"allow":["GET"]}}],"collection":[{"href":"https:\/\/solidaridadnews.com\/index.php?rest_route=\/wp\/v2\/posts"}],"about":[{"href":"https:\/\/solidaridadnews.com\/index.php?rest_route=\/wp\/v2\/types\/post"}],"author":[{"embeddable":true,"href":"https:\/\/solidaridadnews.com\/index.php?rest_route=\/wp\/v2\/users\/1"}],"replies":[{"embeddable":true,"href":"https:\/\/solidaridadnews.com\/index.php?rest_route=%2Fwp%2Fv2%2Fcomments&post=32180"}],"version-history":[{"count":1,"href":"https:\/\/solidaridadnews.com\/index.php?rest_route=\/wp\/v2\/posts\/32180\/revisions"}],"predecessor-version":[{"id":32181,"href":"https:\/\/solidaridadnews.com\/index.php?rest_route=\/wp\/v2\/posts\/32180\/revisions\/32181"}],"wp:featuredmedia":[{"embeddable":true,"href":"https:\/\/solidaridadnews.com\/index.php?rest_route=\/wp\/v2\/media\/32182"}],"wp:attachment":[{"href":"https:\/\/solidaridadnews.com\/index.php?rest_route=%2Fwp%2Fv2%2Fmedia&parent=32180"}],"wp:term":[{"taxonomy":"category","embeddable":true,"href":"https:\/\/solidaridadnews.com\/index.php?rest_route=%2Fwp%2Fv2%2Fcategories&post=32180"},{"taxonomy":"post_tag","embeddable":true,"href":"https:\/\/solidaridadnews.com\/index.php?rest_route=%2Fwp%2Fv2%2Ftags&post=32180"}],"curies":[{"name":"wp","href":"https:\/\/api.w.org\/{rel}","templated":true}]}}