{"id":32171,"date":"2024-03-10T12:13:58","date_gmt":"2024-03-10T17:13:58","guid":{"rendered":"https:\/\/solidaridadnews.com\/?p=32171"},"modified":"2024-03-10T17:14:00","modified_gmt":"2024-03-10T17:14:00","slug":"compania-nacional-de-danza-semillero-cultural","status":"publish","type":"post","link":"https:\/\/solidaridadnews.com\/?p=32171","title":{"rendered":"Compa\u00f1\u00eda Nacional de Danza, semillero cultural"},"content":{"rendered":"<p>La Compa\u00f1\u00eda Nacional de Danza de M\u00e9xico, fundada en 1963, cuenta con m\u00e1s de medio siglo de vida. Se trata de la m\u00e1s antigua del pa\u00eds y ha contado con primeros bailarines como Laura Urdapilleta, Francisco Araiza, Blanca R\u00edos, Jos\u00e9 Urrutia, entre muchos m\u00e1s que han enriquecido la evoluci\u00f3n art\u00edstica y cultural.<\/p>\n<p>En sus inicios se le conoci\u00f3 como Ballet Cl\u00e1sico de M\u00e9xico. Se ha convertido en un gran semillero de bailarines, pero a\u00fan tiene mucho que ofrecer a las nuevas generaciones.<\/p>\n<p>Mujeres y hombres llegan maravillados y comprometidos a mantener la gran herencia de la danza cl\u00e1sica y alentados a generar nuevas creaciones.<\/p>\n","protected":false},"excerpt":{"rendered":"<p>La Compa\u00f1\u00eda Nacional de Danza de M\u00e9xico, fundada en 1963, cuenta con m\u00e1s de medio siglo de vida. Se trata de la m\u00e1s antigua del pa\u00eds y ha contado con primeros bailarines como Laura Urdapilleta, Francisco Araiza, Blanca R\u00edos, Jos\u00e9 Urrutia, entre muchos m\u00e1s que han enriquecido la evoluci\u00f3n art\u00edstica y cultural. En sus inicios [&hellip;]<\/p>\n","protected":false},"author":1,"featured_media":32173,"comment_status":"open","ping_status":"closed","sticky":false,"template":"","format":"standard","meta":{"footnotes":""},"categories":[2],"tags":[],"class_list":["post-32171","post","type-post","status-publish","format-standard","has-post-thumbnail","hentry","category-nacional"],"_links":{"self":[{"href":"https:\/\/solidaridadnews.com\/index.php?rest_route=\/wp\/v2\/posts\/32171","targetHints":{"allow":["GET"]}}],"collection":[{"href":"https:\/\/solidaridadnews.com\/index.php?rest_route=\/wp\/v2\/posts"}],"about":[{"href":"https:\/\/solidaridadnews.com\/index.php?rest_route=\/wp\/v2\/types\/post"}],"author":[{"embeddable":true,"href":"https:\/\/solidaridadnews.com\/index.php?rest_route=\/wp\/v2\/users\/1"}],"replies":[{"embeddable":true,"href":"https:\/\/solidaridadnews.com\/index.php?rest_route=%2Fwp%2Fv2%2Fcomments&post=32171"}],"version-history":[{"count":1,"href":"https:\/\/solidaridadnews.com\/index.php?rest_route=\/wp\/v2\/posts\/32171\/revisions"}],"predecessor-version":[{"id":32172,"href":"https:\/\/solidaridadnews.com\/index.php?rest_route=\/wp\/v2\/posts\/32171\/revisions\/32172"}],"wp:featuredmedia":[{"embeddable":true,"href":"https:\/\/solidaridadnews.com\/index.php?rest_route=\/wp\/v2\/media\/32173"}],"wp:attachment":[{"href":"https:\/\/solidaridadnews.com\/index.php?rest_route=%2Fwp%2Fv2%2Fmedia&parent=32171"}],"wp:term":[{"taxonomy":"category","embeddable":true,"href":"https:\/\/solidaridadnews.com\/index.php?rest_route=%2Fwp%2Fv2%2Fcategories&post=32171"},{"taxonomy":"post_tag","embeddable":true,"href":"https:\/\/solidaridadnews.com\/index.php?rest_route=%2Fwp%2Fv2%2Ftags&post=32171"}],"curies":[{"name":"wp","href":"https:\/\/api.w.org\/{rel}","templated":true}]}}