{"id":32159,"date":"2024-03-09T12:45:59","date_gmt":"2024-03-09T17:45:59","guid":{"rendered":"https:\/\/solidaridadnews.com\/?p=32159"},"modified":"2024-03-09T17:46:00","modified_gmt":"2024-03-09T17:46:00","slug":"festejan-al-patrono-de-los-artesanos-de-la-pirotecnia-en-tultepec","status":"publish","type":"post","link":"https:\/\/solidaridadnews.com\/?p=32159","title":{"rendered":"Festejan al patrono de los artesanos de la pirotecnia en Tultepec"},"content":{"rendered":"<p>Pobladores y visitantes este d\u00eda se sumaron a los festejos dedicados al santo patrono de los artesanos de la pirotecnia \u00abSan Juan de Dios\u00bb a cuyo honor quemaron m\u00e1s de 300 toros monumentales cargados de fuegos artificiales, que al son de m\u00fasica de viento, son empujados y avanzan en caravana hacia el templo de la Piedad, hacia el torodromo d\u00f3nde esta noche son incinerados.<\/p>\n<p>Decenas de astados fueron habilitados sobre ruedas y estructuras met\u00e1licas, revestidas con una mezcla de papel y engrudo, que una vez seco, fueron pintadas de colores, adornados con papel china, levantadas las colas de los animales de rostros exaltados para externar su bravura, que requiere la ocasi\u00f3n.<\/p>\n<p>\u201cVuelta, he bravo\u201d, grit\u00f3 el alboroto de visitantes que abarrotan las calles de uno de los municipios m\u00e1s visitados este 8 de marzo; pues a Tultepec, La Capital de la Pirotecnia, como se le conoce al municipio, llegan cientos, miles de personas nacionales y extranjeras, atra\u00eddos por la fiesta de los toros pirot\u00e9cnicos.<\/p>\n<p>Decenas de puestos de antojitos mexicanos, bebidas, artesan\u00edas, m\u00fasica de tambora, esta noche visten la fiesta de los pirot\u00e9cnicos. El recorrido de los astados inici\u00f3 en la capilla de La Piedad, cruz\u00f3 calles hacia el centro del municipio, hicieron una parada en las inmediaciones del templo de la Virgen de Loreto y de ah\u00ed a los terrenos de la feria, en el paraje de Xahuento.<\/p>\n<p>\u201cLlevamos como un mes armando y decorando el torito, pero dos a\u00f1os sumados en esta tradici\u00f3n que une familias y a visitantes\u201d, comenta Benito Araiza de 17 a\u00f1os, quien refiere que esta vez colocaron 700 cohetes de los llamados buscapi\u00e9s y r\u00e1fagas.<\/p>\n<p>Los Araiza, familia de artesanos de la pirotecnia, invirti\u00f3 m\u00e1s de 7 mil pesos en la elaboraci\u00f3n del toro alegre. Esta noche en menos de 5 minutos se incinera la inversi\u00f3n hecha durante m\u00e1s de un mes de preparaci\u00f3n del toro.<\/p>\n<p>\u201cTengo 74 a\u00f1os aqu\u00ed, he disfrutado de las tradiciones, que une a la familia y todo esto es muy bonito, mi familia se dedica a esta labor\u201d, plante\u00f3 Herlinda \u00c1lvarez Flores, quien comenta que a veces se llora en Tultepec, pues ocurren accidentes, pero este 8 de marzo es d\u00eda de fiesta.<\/p>\n<p>Los festejos al santo patrono este d\u00eda se entremezclan con las actividades de la Feria Internacional de la Pirotecnia en su edici\u00f3n n\u00famero XXXV, a la cual y desde el 2023, el gobierno del alcalde Sergio Luna Cort\u00e9s, promueve el cobro por ingresar a determinados espect\u00e1culos, que antes eran de acceso gratuito, la intenci\u00f3n de la cobranza es sumar recursos para la compra del terreno de 5 hect\u00e1reas para establecer de manera definitiva la sede de los festejos de la pirotecnia.<\/p>\n<p>Entrada la noche, muchos visitantes y vecinos locales, se suman a danzar y brincar en torno a los toros, al tiempo que van quemado su carga explosiva, que hace correr a otros observadores, que no paran de re\u00edr, gritar, mientras, otros m\u00e1s consumen alcohol, en medio de m\u00fasica de banda que ambienta el espacio de la feria, convertido en plaza para los astados de la pirotecnia. Ma\u00f1ana, como cada a\u00f1o, se conocer\u00e1 la cifra de personas que resultaron lesionadas por quemaduras.<\/p>\n<p>Esta noche, al menos 700 elementos de seguridad municipal, Guardia Nacional, de la Secretar\u00eda de Seguridad del Estado de M\u00e9xico (SSEM), de la Fiscal\u00eda de Justicia de la regi\u00f3n, as\u00ed como de corporaciones de seguridad p\u00fablica de municipios vecinos, fueron desplegados para salvaguardar la seguridad de cientos de visitantes.<\/p>\n","protected":false},"excerpt":{"rendered":"<p>Pobladores y visitantes este d\u00eda se sumaron a los festejos dedicados al santo patrono de los artesanos de la pirotecnia \u00abSan Juan de Dios\u00bb a cuyo honor quemaron m\u00e1s de 300 toros monumentales cargados de fuegos artificiales, que al son de m\u00fasica de viento, son empujados y avanzan en caravana hacia el templo de la [&hellip;]<\/p>\n","protected":false},"author":1,"featured_media":32161,"comment_status":"open","ping_status":"closed","sticky":false,"template":"","format":"standard","meta":{"footnotes":""},"categories":[2],"tags":[],"class_list":["post-32159","post","type-post","status-publish","format-standard","has-post-thumbnail","hentry","category-nacional"],"_links":{"self":[{"href":"https:\/\/solidaridadnews.com\/index.php?rest_route=\/wp\/v2\/posts\/32159","targetHints":{"allow":["GET"]}}],"collection":[{"href":"https:\/\/solidaridadnews.com\/index.php?rest_route=\/wp\/v2\/posts"}],"about":[{"href":"https:\/\/solidaridadnews.com\/index.php?rest_route=\/wp\/v2\/types\/post"}],"author":[{"embeddable":true,"href":"https:\/\/solidaridadnews.com\/index.php?rest_route=\/wp\/v2\/users\/1"}],"replies":[{"embeddable":true,"href":"https:\/\/solidaridadnews.com\/index.php?rest_route=%2Fwp%2Fv2%2Fcomments&post=32159"}],"version-history":[{"count":1,"href":"https:\/\/solidaridadnews.com\/index.php?rest_route=\/wp\/v2\/posts\/32159\/revisions"}],"predecessor-version":[{"id":32160,"href":"https:\/\/solidaridadnews.com\/index.php?rest_route=\/wp\/v2\/posts\/32159\/revisions\/32160"}],"wp:featuredmedia":[{"embeddable":true,"href":"https:\/\/solidaridadnews.com\/index.php?rest_route=\/wp\/v2\/media\/32161"}],"wp:attachment":[{"href":"https:\/\/solidaridadnews.com\/index.php?rest_route=%2Fwp%2Fv2%2Fmedia&parent=32159"}],"wp:term":[{"taxonomy":"category","embeddable":true,"href":"https:\/\/solidaridadnews.com\/index.php?rest_route=%2Fwp%2Fv2%2Fcategories&post=32159"},{"taxonomy":"post_tag","embeddable":true,"href":"https:\/\/solidaridadnews.com\/index.php?rest_route=%2Fwp%2Fv2%2Ftags&post=32159"}],"curies":[{"name":"wp","href":"https:\/\/api.w.org\/{rel}","templated":true}]}}