{"id":32156,"date":"2024-03-09T11:56:25","date_gmt":"2024-03-09T16:56:25","guid":{"rendered":"https:\/\/solidaridadnews.com\/?p=32156"},"modified":"2024-03-09T16:56:26","modified_gmt":"2024-03-09T16:56:26","slug":"sale-daniel-bisogno-del-hospital-continuara-su-recuperacion-en-casa","status":"publish","type":"post","link":"https:\/\/solidaridadnews.com\/?p=32156","title":{"rendered":"Sale Daniel Bisogno del hospital, continuar\u00e1 su recuperaci\u00f3n en casa"},"content":{"rendered":"<p>El presentador mexicano Daniel Bisogno dej\u00f3 este viernes el hospital donde fue atendido por una infecci\u00f3n pulmonar, confirm\u00f3 su compa\u00f1era Paty Chapoy.<\/p>\n<p>Por medio de una publicaci\u00f3n en redes sociales, la conocida periodista de espect\u00e1culos se\u00f1al\u00f3 que Daniel continuar\u00e1 su recuperaci\u00f3n en casa.<\/p>\n<p>Hace casi tres semanas, Daniel Bisogno fue hospitalizado y cay\u00f3 en terapia intensiva. Tras varios d\u00edas, el reconocido conductor fue extubado.<\/p>\n<p>Fue tras su extubaci\u00f3n que se le inform\u00f3 sobre la muerte de su madre, Araceli Bisogno Tapia, noticia por la que ha recibido apoyo psicol\u00f3gico.<\/p>\n","protected":false},"excerpt":{"rendered":"<p>El presentador mexicano Daniel Bisogno dej\u00f3 este viernes el hospital donde fue atendido por una infecci\u00f3n pulmonar, confirm\u00f3 su compa\u00f1era Paty Chapoy. Por medio de una publicaci\u00f3n en redes sociales, la conocida periodista de espect\u00e1culos se\u00f1al\u00f3 que Daniel continuar\u00e1 su recuperaci\u00f3n en casa. Hace casi tres semanas, Daniel Bisogno fue hospitalizado y cay\u00f3 en terapia [&hellip;]<\/p>\n","protected":false},"author":1,"featured_media":32158,"comment_status":"open","ping_status":"closed","sticky":false,"template":"","format":"standard","meta":{"footnotes":""},"categories":[3],"tags":[],"class_list":["post-32156","post","type-post","status-publish","format-standard","has-post-thumbnail","hentry","category-espectaculos"],"_links":{"self":[{"href":"https:\/\/solidaridadnews.com\/index.php?rest_route=\/wp\/v2\/posts\/32156","targetHints":{"allow":["GET"]}}],"collection":[{"href":"https:\/\/solidaridadnews.com\/index.php?rest_route=\/wp\/v2\/posts"}],"about":[{"href":"https:\/\/solidaridadnews.com\/index.php?rest_route=\/wp\/v2\/types\/post"}],"author":[{"embeddable":true,"href":"https:\/\/solidaridadnews.com\/index.php?rest_route=\/wp\/v2\/users\/1"}],"replies":[{"embeddable":true,"href":"https:\/\/solidaridadnews.com\/index.php?rest_route=%2Fwp%2Fv2%2Fcomments&post=32156"}],"version-history":[{"count":1,"href":"https:\/\/solidaridadnews.com\/index.php?rest_route=\/wp\/v2\/posts\/32156\/revisions"}],"predecessor-version":[{"id":32157,"href":"https:\/\/solidaridadnews.com\/index.php?rest_route=\/wp\/v2\/posts\/32156\/revisions\/32157"}],"wp:featuredmedia":[{"embeddable":true,"href":"https:\/\/solidaridadnews.com\/index.php?rest_route=\/wp\/v2\/media\/32158"}],"wp:attachment":[{"href":"https:\/\/solidaridadnews.com\/index.php?rest_route=%2Fwp%2Fv2%2Fmedia&parent=32156"}],"wp:term":[{"taxonomy":"category","embeddable":true,"href":"https:\/\/solidaridadnews.com\/index.php?rest_route=%2Fwp%2Fv2%2Fcategories&post=32156"},{"taxonomy":"post_tag","embeddable":true,"href":"https:\/\/solidaridadnews.com\/index.php?rest_route=%2Fwp%2Fv2%2Ftags&post=32156"}],"curies":[{"name":"wp","href":"https:\/\/api.w.org\/{rel}","templated":true}]}}